{"id":1094,"date":"2024-09-24T12:10:56","date_gmt":"2024-09-24T10:10:56","guid":{"rendered":"https:\/\/sparkasse-bielefeld-online.de\/gruendercenter\/?p=1094"},"modified":"2024-09-24T12:31:22","modified_gmt":"2024-09-24T10:31:22","slug":"vom-mitarbeiter-zum-chef-maurice-haarfelds-erfolg-mit-der-stylebar","status":"publish","type":"post","link":"https:\/\/sparkasse-bielefeld-online.de\/gruendercenter\/gruendungs-knowhow\/vom-mitarbeiter-zum-chef-maurice-haarfelds-erfolg-mit-der-stylebar\/","title":{"rendered":"Vom Mitarbeiter zum Chef: Maurice Haarfelds Erfolg mit der StyleBar"},"content":{"rendered":"\n<p>Vor gut einem Jahr hat Maurice Haarfeld (33) den gro\u00dfen Schritt gewagt: Nach 13 Jahren als angestellter Friseur und Messeprofi f\u00fcr Haarprodukte \u00fcbernahm er einen Friseursalon in der Bielefelder Altstadt. Heute, ein Jahr sp\u00e4ter, blickt er stolz auf eine erfolgreiche Zeit zur\u00fcck. Mit seinem Salon \u201e<strong>StyleBar <\/strong>\u201c in der Rathausstra\u00dfe hat er sich l\u00e4ngst einen Namen gemacht und zieht sowohl Stammkunden als auch neue G\u00e4ste an.<\/p>\n\n\n\n<p>Haarfeld kam \u00fcber ein Schulpraktikum auf die Idee, Friseur zu werden. \u201eUnd bei dem Nachnamen braucht man dann auch mehr nicht lang zu \u00fcberlegen\u201c, erinnert er sich lachend. Nachdem er zun\u00e4chst ohne offizielle Lehre das Haareschneiden lernte und in verschiedensten Salons arbeitete, folgte dann doch der Entschluss, eine Ausbildung zu absolvieren. Den Meisterkurs h\u00e4ngte er gleich hintendran, die Berufserfahrung hatte er ja schon gesammelt. Nach einem Abstecher in den Messebereich wurde ihm immer klarer: \u201eIch will selbstst\u00e4ndig sein und zwar in gr\u00f6\u00dferem Rahmen \u2013 mit Angestellten und Auszubildenden\u201c, so Haarfeld. <\/p>\n\n\n\n<figure class=\"wp-block-image size-large\"><img loading=\"lazy\" decoding=\"async\" width=\"1024\" height=\"683\" src=\"https:\/\/sparkasse-bielefeld-online.de\/gruendercenter\/wp-content\/uploads\/2024\/09\/Foto-1-1-1024x683.jpg\" alt=\"\" class=\"wp-image-1096\" srcset=\"https:\/\/sparkasse-bielefeld-online.de\/gruendercenter\/wp-content\/uploads\/2024\/09\/Foto-1-1-1024x683.jpg 1024w, https:\/\/sparkasse-bielefeld-online.de\/gruendercenter\/wp-content\/uploads\/2024\/09\/Foto-1-1-300x200.jpg 300w, https:\/\/sparkasse-bielefeld-online.de\/gruendercenter\/wp-content\/uploads\/2024\/09\/Foto-1-1-768x512.jpg 768w, https:\/\/sparkasse-bielefeld-online.de\/gruendercenter\/wp-content\/uploads\/2024\/09\/Foto-1-1-1536x1025.jpg 1536w, https:\/\/sparkasse-bielefeld-online.de\/gruendercenter\/wp-content\/uploads\/2024\/09\/Foto-1-1-2048x1366.jpg 2048w\" sizes=\"(max-width: 1024px) 100vw, 1024px\" \/><\/figure>\n\n\n\n<h4 class=\"wp-block-heading has-vivid-red-color has-text-color has-link-color wp-elements-db5d38656cecbee90a8ccb5f54ec08b3\">\u00dcbernahme statt Neugr\u00fcndung <\/h4>\n\n\n\n<p>Als w\u00e4hrend der Corona-Zeit die Messejobs wegbrachen, war die Entscheidung f\u00fcr einen eigenen Salon schnell gefallen. Nachdem er sich verschiedene R\u00e4umlichkeiten angeschaut hatte, war Haarfeld bald klar, dass er lieber ein Gesch\u00e4ft \u00fcbernehmen als neu gr\u00fcnden wollte. \u201eDas erschien mir machbarer und weniger aufwendig\u201c. Ein Anruf in der StyleBar, dem Salon, in dem er auch seine Ausbildung absolviert hatte, war dann der Gl\u00fcckstreffer: \u201eMeine Ex-Chefin wollte nach Berlin ziehen und suchte einen Nachfolger\u201c, erz\u00e4hlt Haarfeld. Schnell waren sich beide einig und im Juni 2023 konnte Maurice Haarfeld die Er\u00f6ffnung \u201eseiner\u201c StyleBar feiern. \u201eIch habe mich bewusst entschieden, den cleanen Industrial Style des Salons beizubehalten\u201c, erz\u00e4hlt er. Nur ein wenig gr\u00fcner und gem\u00fctlicher sei es inzwischen geworden. Nicht nur im Salon, auch vor der T\u00fcr in der Fu\u00dfg\u00e4ngerzone lenken Gr\u00fcnpflanzen und Blumen sowie eine kleine Sitzgruppe die Aufmerksamkeit auf das Gesch\u00e4ft.<\/p>\n\n\n\n<p>Die \u00dcbernahme des Salons war f\u00fcr Haarfeld der logische Schritt, um seine Vision eines modernen, kundenorientierten Friseurgesch\u00e4fts zu verwirklichen. Seit der Er\u00f6ffnung \u00fcberzeugt die StyleBar durch hochwertige Dienstleistungen, ein stilvolles Ambiente und eine pers\u00f6nliche Beratung. \u201eIch wollte einen Ort schaffen, an dem sich die Menschen wohlf\u00fchlen und wirklich verstanden wissen. Jeder Kunde, jung oder alt, introvertiert oder extrovertiert, soll sich bei uns gut aufgehoben f\u00fchlen\u201c, so Haarfeld.<\/p>\n\n\n\n<h4 class=\"wp-block-heading has-vivid-red-color has-text-color has-link-color wp-elements-b444bb3652473c125169d462ac698e5c\">Engagement f\u00fcr den Nachwuchs <\/h4>\n\n\n\n<p class=\"has-text-align-left\">Besonders wichtig ist dem Haarstylisten die Nachwuchsf\u00f6rderung. In seinem Salon bildet er Lehrlinge aus und gibt so seine Leidenschaft und Expertise an die n\u00e4chste Generation weiter. \u201eEs ist mir ein Anliegen, jungen Menschen das Handwerk n\u00e4herzubringen und ihnen eine solide Basis f\u00fcr ihre berufliche Laufbahn zu bieten\u201c, sagt er. So ist es dann auch das \u201eVerantwortlichsein\u201c sowohl f\u00fcr die Azubis, aber auch f\u00fcr die Mitarbeitenden, was ihm am besten an der Selbstst\u00e4ndigkeit gef\u00e4llt. \u201eIch m\u00f6chte f\u00fcr uns alle einen besseren Arbeitsplatz schaffen\u201c, sagt er. <\/p>\n\n\n\n<p>Neben seiner Arbeit im Salon engagiert sich Haarfeld seit einiger Zeit zus\u00e4tzlich in der Handwerkskammer, wo er unter anderem Ausbildungsprogramme mitgestaltet und demn\u00e4chst auch Pr\u00fcfungen abnimmt. Die Handwerkskammer war es auch, bei der sich der Friseurmeister die ersten Tipps f\u00fcr die Selbstst\u00e4ndigkeit holte. Businessplan, Kredite, Steuerberatung: \u201eDas war am Anfang schon herausfordernd. Mein Gehirn musste erst einmal neue Synapsen daf\u00fcr bilden\u201c, berichtet Haarfeld schmunzelnd. Durch Austausch mit anderen Selbstst\u00e4ndigen und der Hilfe von Experten sei der Prozess aber \u201egut machbar\u201c gewesen.<\/p>\n\n\n\n<h4 class=\"wp-block-heading has-vivid-red-color has-text-color has-link-color wp-elements-7a481ca79d464078dd00cb5d332beb6d\">Finanztipps vom Experten<\/h4>\n\n\n\n<p>Einer dieser Experten war Gr\u00fcnderberater Wolfgang Stisser von der Bielefelder Sparkasse. \u201eEr half mir durch die Antragsverfahren f\u00fcr die KfW-Kredite und F\u00f6rderprogramme und nahm mir die Angst vor den gro\u00dfen Summen, mit denen man zwangsl\u00e4ufig umgehen muss. Das war f\u00fcr mich eine ganz neue Welt\u201c, erz\u00e4hlt Haarfeld. \u201eWie jede Gesch\u00e4ftsgr\u00fcndung hat auch eine Gr\u00fcndung durch \u00dcbernahme Vor- und Nachteile\u201c, erkl\u00e4rt Finanzexperte Stisser. Im Fall der StyleBar sprachen allerdings einige wichtige Argumente daf\u00fcr: Nach einer Neugr\u00fcndung sei die Etablierung auf dem Markt oft die gr\u00f6\u00dfte Schwierigkeit. Bei der Gesch\u00e4fts\u00fcbernahme k\u00f6nne man hingegen mit einem vorhandenen Kundenstamm rechnen. \u201eDas ist gerade in Branchen wie dem Friseurhandwerk, in dem es viel Konkurrenz gibt, ein wichtiger Punkt\u201c, so Stisser. Ein erfahrener Mitarbeiterstamm, der oft mit \u00fcbernommen werden kann, sei besonders in Zeiten von Fachkr\u00e4ftemangel ein weiterer Vorteil. Und auch beim Businessplan m\u00fcsse man nicht bei \u201enull\u201c anfangen, sondern k\u00f6nne sich auf vorliegende Gesch\u00e4ftszahlen berufen. <\/p>\n\n\n\n<figure class=\"wp-block-image is-resized\"><img loading=\"lazy\" decoding=\"async\" width=\"1024\" height=\"683\" src=\"https:\/\/sparkasse-bielefeld-online.de\/gruendercenter\/wp-content\/uploads\/2024\/09\/Foto-5-1024x683.jpg\" alt=\"\" class=\"wp-image-1097\" style=\"width:838px;height:auto\" srcset=\"https:\/\/sparkasse-bielefeld-online.de\/gruendercenter\/wp-content\/uploads\/2024\/09\/Foto-5-1024x683.jpg 1024w, https:\/\/sparkasse-bielefeld-online.de\/gruendercenter\/wp-content\/uploads\/2024\/09\/Foto-5-300x200.jpg 300w, https:\/\/sparkasse-bielefeld-online.de\/gruendercenter\/wp-content\/uploads\/2024\/09\/Foto-5-768x512.jpg 768w, https:\/\/sparkasse-bielefeld-online.de\/gruendercenter\/wp-content\/uploads\/2024\/09\/Foto-5-1536x1025.jpg 1536w\" sizes=\"(max-width: 1024px) 100vw, 1024px\" \/><\/figure>\n\n\n\n<h4 class=\"wp-block-heading has-vivid-red-color has-text-color has-link-color wp-elements-11a2a2857ca99d88ac3c71a439a897df\">Wellness und Wohlf\u00fchlatmosph\u00e4re<\/h4>\n\n\n\n<p>Ein Jahr nach der \u00dcbernahme ist der Salon zu einer festen Gr\u00f6\u00dfe in der Innenstadt geworden. Die positive Resonanz seiner Kunden best\u00e4tigt, dass Maurice Haarfeld mit seiner Mischung aus Erfahrung, Innovationsgeist und Engagement genau den richtigen Weg eingeschlagen hat. \u201eUnsere Kundinnen und Kunden sagen mir, dass sie die famili\u00e4re Atmosph\u00e4re bei uns sch\u00e4tzen\u201c. Auch die ungew\u00f6hnlichen Abend\u00f6ffnungszeiten am Donnerstag und Freitag h\u00e4tten sich als Unterscheidungsmerkmal zu anderen Salons bew\u00e4hrt. <\/p>\n\n\n<div class=\"wp-block-image\">\n<figure class=\"alignleft size-large\"><img loading=\"lazy\" decoding=\"async\" width=\"1024\" height=\"683\" src=\"https:\/\/sparkasse-bielefeld-online.de\/gruendercenter\/wp-content\/uploads\/2024\/09\/Foto-3-1-1024x683.jpg\" alt=\"\" class=\"wp-image-1111\" srcset=\"https:\/\/sparkasse-bielefeld-online.de\/gruendercenter\/wp-content\/uploads\/2024\/09\/Foto-3-1-1024x683.jpg 1024w, https:\/\/sparkasse-bielefeld-online.de\/gruendercenter\/wp-content\/uploads\/2024\/09\/Foto-3-1-300x200.jpg 300w, https:\/\/sparkasse-bielefeld-online.de\/gruendercenter\/wp-content\/uploads\/2024\/09\/Foto-3-1-768x512.jpg 768w, https:\/\/sparkasse-bielefeld-online.de\/gruendercenter\/wp-content\/uploads\/2024\/09\/Foto-3-1-1536x1025.jpg 1536w, https:\/\/sparkasse-bielefeld-online.de\/gruendercenter\/wp-content\/uploads\/2024\/09\/Foto-3-1-2048x1366.jpg 2048w\" sizes=\"(max-width: 1024px) 100vw, 1024px\" \/><\/figure><\/div>\n\n\n<h4 class=\"wp-block-heading has-vivid-red-color has-text-color has-link-color wp-elements-29662f8b7536103ee709d3f7c6292079\"><\/h4>\n\n\n\n<p class=\"has-text-align-left\">Mit Enthusiasmus blickt der Haarexperte in die Zukunft. \u201eWir arbeiten st\u00e4ndig daran, unser Angebot zu erweitern und noch mehr auf die individuellen Bed\u00fcrfnisse unserer Kunden einzugehen.\u201c So stehe als N\u00e4chstes ein Facelift des Salons mit neuem Fu\u00dfboden, M\u00f6beln und Beleuchtung an. Die Style-Bar-Kundinnen und Kunden k\u00f6nnen dann bald zum Haarewaschen in Sesseln mit Massagefunktion Platz nehmen. \u201eOptisch werden wir aber unserem Stil treu bleiben\u201c, verspricht Haarfeld. Mittelfristig soll sogar ein bislang noch vermieteter Nebenraum zur Wellnessoase werden \u2013 damit der Friseurbesuch bald noch mehr Entspannung bietet.<\/p>\n\n\n\n<p><strong>StyleBar by Maurice Haarfeld, Rathausstr. 6, 33602 Bielefeld. \u00d6ffnungszeiten: Mo &#8211; Mi 10 &#8211; 19 Uhr, Do &#8211; Fr 8 &#8211; 22 Uhr, <a href=\"http:\/\/www.style-bar.de\">www. style-bar.de<\/a><\/strong><\/p>\n\n\n\n<p class=\"has-small-font-size\"><sub>Fotos: (c) Sarah Jonek <\/sub><br><sub>Text: (c) Annette Meyer zu Bargholz<\/sub><br><\/p>\n","protected":false},"excerpt":{"rendered":"<p>Vor gut einem Jahr hat Maurice Haarfeld (33) den gro\u00dfen Schritt gewagt: Nach 13 Jahren als angestellter Friseur und Messeprofi f\u00fcr Haarprodukte \u00fcbernahm er einen Friseursalon in der Bielefelder Altstadt. Heute, ein Jahr sp\u00e4ter, blickt er stolz auf eine erfolgreiche Zeit zur\u00fcck. Mit seinem Salon \u201eStyleBar \u201c in der Rathausstra\u00dfe hat er sich l\u00e4ngst einen [&hellip;]<\/p>\n","protected":false},"author":9,"featured_media":1098,"comment_status":"closed","ping_status":"closed","sticky":true,"template":"","format":"standard","meta":{"footnotes":""},"categories":[9,10],"tags":[24,49,77,78,91,75],"yoast_head":"<!-- This site is optimized with the Yoast SEO plugin v23.0 - https:\/\/yoast.com\/wordpress\/plugins\/seo\/ -->\n<title>Vom Mitarbeiter zum Chef: Maurice Haarfelds Erfolg mit der StyleBar - Gr\u00fcnderCenter<\/title>\n<meta name=\"robots\" content=\"index, follow, max-snippet:-1, max-image-preview:large, max-video-preview:-1\" \/>\n<link rel=\"canonical\" href=\"https:\/\/sparkasse-bielefeld-online.de\/gruendercenter\/gruendungs-knowhow\/vom-mitarbeiter-zum-chef-maurice-haarfelds-erfolg-mit-der-stylebar\/\" \/>\n<meta property=\"og:locale\" content=\"de_DE\" \/>\n<meta property=\"og:type\" content=\"article\" \/>\n<meta property=\"og:title\" content=\"Vom Mitarbeiter zum Chef: Maurice Haarfelds Erfolg mit der StyleBar - Gr\u00fcnderCenter\" \/>\n<meta property=\"og:description\" content=\"Vor gut einem Jahr hat Maurice Haarfeld (33) den gro\u00dfen Schritt gewagt: Nach 13 Jahren als angestellter Friseur und Messeprofi f\u00fcr Haarprodukte \u00fcbernahm er einen Friseursalon in der Bielefelder Altstadt. Heute, ein Jahr sp\u00e4ter, blickt er stolz auf eine erfolgreiche Zeit zur\u00fcck. Mit seinem Salon \u201eStyleBar \u201c in der Rathausstra\u00dfe hat er sich l\u00e4ngst einen [&hellip;]\" \/>\n<meta property=\"og:url\" content=\"https:\/\/sparkasse-bielefeld-online.de\/gruendercenter\/gruendungs-knowhow\/vom-mitarbeiter-zum-chef-maurice-haarfelds-erfolg-mit-der-stylebar\/\" \/>\n<meta property=\"og:site_name\" content=\"Gr\u00fcnderCenter\" \/>\n<meta property=\"article:published_time\" content=\"2024-09-24T10:10:56+00:00\" \/>\n<meta property=\"article:modified_time\" content=\"2024-09-24T10:31:22+00:00\" \/>\n<meta property=\"og:image\" content=\"https:\/\/sparkasse-bielefeld-online.de\/gruendercenter\/wp-content\/uploads\/2024\/09\/Foto-4-1024x683.jpg\" \/>\n\t<meta property=\"og:image:width\" content=\"1024\" \/>\n\t<meta property=\"og:image:height\" content=\"683\" \/>\n\t<meta property=\"og:image:type\" content=\"image\/jpeg\" \/>\n<meta name=\"author\" content=\"Natalia Tietz\" \/>\n<meta name=\"twitter:card\" content=\"summary_large_image\" \/>\n<meta name=\"twitter:label1\" content=\"Geschrieben von\" \/>\n\t<meta name=\"twitter:data1\" content=\"Natalia Tietz\" \/>\n\t<meta name=\"twitter:label2\" content=\"Gesch\u00e4tzte Lesezeit\" \/>\n\t<meta name=\"twitter:data2\" content=\"6\u00a0Minuten\" \/>\n<script type=\"application\/ld+json\" class=\"yoast-schema-graph\">{\"@context\":\"https:\/\/schema.org\",\"@graph\":[{\"@type\":\"WebPage\",\"@id\":\"https:\/\/sparkasse-bielefeld-online.de\/gruendercenter\/gruendungs-knowhow\/vom-mitarbeiter-zum-chef-maurice-haarfelds-erfolg-mit-der-stylebar\/\",\"url\":\"https:\/\/sparkasse-bielefeld-online.de\/gruendercenter\/gruendungs-knowhow\/vom-mitarbeiter-zum-chef-maurice-haarfelds-erfolg-mit-der-stylebar\/\",\"name\":\"Vom Mitarbeiter zum Chef: Maurice Haarfelds Erfolg mit der StyleBar - Gr\u00fcnderCenter\",\"isPartOf\":{\"@id\":\"https:\/\/sparkasse-bielefeld-online.de\/gruendercenter\/#website\"},\"primaryImageOfPage\":{\"@id\":\"https:\/\/sparkasse-bielefeld-online.de\/gruendercenter\/gruendungs-knowhow\/vom-mitarbeiter-zum-chef-maurice-haarfelds-erfolg-mit-der-stylebar\/#primaryimage\"},\"image\":{\"@id\":\"https:\/\/sparkasse-bielefeld-online.de\/gruendercenter\/gruendungs-knowhow\/vom-mitarbeiter-zum-chef-maurice-haarfelds-erfolg-mit-der-stylebar\/#primaryimage\"},\"thumbnailUrl\":\"https:\/\/sparkasse-bielefeld-online.de\/gruendercenter\/wp-content\/uploads\/2024\/09\/Foto-4.jpg\",\"datePublished\":\"2024-09-24T10:10:56+00:00\",\"dateModified\":\"2024-09-24T10:31:22+00:00\",\"author\":{\"@id\":\"https:\/\/sparkasse-bielefeld-online.de\/gruendercenter\/#\/schema\/person\/a6feacf025ab9bf6af33bf8da67f50fc\"},\"breadcrumb\":{\"@id\":\"https:\/\/sparkasse-bielefeld-online.de\/gruendercenter\/gruendungs-knowhow\/vom-mitarbeiter-zum-chef-maurice-haarfelds-erfolg-mit-der-stylebar\/#breadcrumb\"},\"inLanguage\":\"de\",\"potentialAction\":[{\"@type\":\"ReadAction\",\"target\":[\"https:\/\/sparkasse-bielefeld-online.de\/gruendercenter\/gruendungs-knowhow\/vom-mitarbeiter-zum-chef-maurice-haarfelds-erfolg-mit-der-stylebar\/\"]}]},{\"@type\":\"ImageObject\",\"inLanguage\":\"de\",\"@id\":\"https:\/\/sparkasse-bielefeld-online.de\/gruendercenter\/gruendungs-knowhow\/vom-mitarbeiter-zum-chef-maurice-haarfelds-erfolg-mit-der-stylebar\/#primaryimage\",\"url\":\"https:\/\/sparkasse-bielefeld-online.de\/gruendercenter\/wp-content\/uploads\/2024\/09\/Foto-4.jpg\",\"contentUrl\":\"https:\/\/sparkasse-bielefeld-online.de\/gruendercenter\/wp-content\/uploads\/2024\/09\/Foto-4.jpg\",\"width\":7938,\"height\":5295},{\"@type\":\"BreadcrumbList\",\"@id\":\"https:\/\/sparkasse-bielefeld-online.de\/gruendercenter\/gruendungs-knowhow\/vom-mitarbeiter-zum-chef-maurice-haarfelds-erfolg-mit-der-stylebar\/#breadcrumb\",\"itemListElement\":[{\"@type\":\"ListItem\",\"position\":1,\"name\":\"Home\",\"item\":\"https:\/\/sparkasse-bielefeld-online.de\/gruendercenter\/\"},{\"@type\":\"ListItem\",\"position\":2,\"name\":\"Vom Mitarbeiter zum Chef: Maurice Haarfelds Erfolg mit der StyleBar\"}]},{\"@type\":\"WebSite\",\"@id\":\"https:\/\/sparkasse-bielefeld-online.de\/gruendercenter\/#website\",\"url\":\"https:\/\/sparkasse-bielefeld-online.de\/gruendercenter\/\",\"name\":\"Gr\u00fcnderCenter\",\"description\":\"der Sparkasse Bielefeld\",\"potentialAction\":[{\"@type\":\"SearchAction\",\"target\":{\"@type\":\"EntryPoint\",\"urlTemplate\":\"https:\/\/sparkasse-bielefeld-online.de\/gruendercenter\/?s={search_term_string}\"},\"query-input\":\"required name=search_term_string\"}],\"inLanguage\":\"de\"},{\"@type\":\"Person\",\"@id\":\"https:\/\/sparkasse-bielefeld-online.de\/gruendercenter\/#\/schema\/person\/a6feacf025ab9bf6af33bf8da67f50fc\",\"name\":\"Natalia Tietz\",\"url\":\"https:\/\/sparkasse-bielefeld-online.de\/gruendercenter\/author\/nataliatietz\/\"}]}<\/script>\n<!-- \/ Yoast SEO plugin. -->","yoast_head_json":{"title":"Vom Mitarbeiter zum Chef: Maurice Haarfelds Erfolg mit der StyleBar - Gr\u00fcnderCenter","robots":{"index":"index","follow":"follow","max-snippet":"max-snippet:-1","max-image-preview":"max-image-preview:large","max-video-preview":"max-video-preview:-1"},"canonical":"https:\/\/sparkasse-bielefeld-online.de\/gruendercenter\/gruendungs-knowhow\/vom-mitarbeiter-zum-chef-maurice-haarfelds-erfolg-mit-der-stylebar\/","og_locale":"de_DE","og_type":"article","og_title":"Vom Mitarbeiter zum Chef: Maurice Haarfelds Erfolg mit der StyleBar - Gr\u00fcnderCenter","og_description":"Vor gut einem Jahr hat Maurice Haarfeld (33) den gro\u00dfen Schritt gewagt: Nach 13 Jahren als angestellter Friseur und Messeprofi f\u00fcr Haarprodukte \u00fcbernahm er einen Friseursalon in der Bielefelder Altstadt. Heute, ein Jahr sp\u00e4ter, blickt er stolz auf eine erfolgreiche Zeit zur\u00fcck. Mit seinem Salon \u201eStyleBar \u201c in der Rathausstra\u00dfe hat er sich l\u00e4ngst einen [&hellip;]","og_url":"https:\/\/sparkasse-bielefeld-online.de\/gruendercenter\/gruendungs-knowhow\/vom-mitarbeiter-zum-chef-maurice-haarfelds-erfolg-mit-der-stylebar\/","og_site_name":"Gr\u00fcnderCenter","article_published_time":"2024-09-24T10:10:56+00:00","article_modified_time":"2024-09-24T10:31:22+00:00","og_image":[{"width":1024,"height":683,"url":"https:\/\/sparkasse-bielefeld-online.de\/gruendercenter\/wp-content\/uploads\/2024\/09\/Foto-4-1024x683.jpg","type":"image\/jpeg"}],"author":"Natalia Tietz","twitter_card":"summary_large_image","twitter_misc":{"Geschrieben von":"Natalia Tietz","Gesch\u00e4tzte Lesezeit":"6\u00a0Minuten"},"schema":{"@context":"https:\/\/schema.org","@graph":[{"@type":"WebPage","@id":"https:\/\/sparkasse-bielefeld-online.de\/gruendercenter\/gruendungs-knowhow\/vom-mitarbeiter-zum-chef-maurice-haarfelds-erfolg-mit-der-stylebar\/","url":"https:\/\/sparkasse-bielefeld-online.de\/gruendercenter\/gruendungs-knowhow\/vom-mitarbeiter-zum-chef-maurice-haarfelds-erfolg-mit-der-stylebar\/","name":"Vom Mitarbeiter zum Chef: Maurice Haarfelds Erfolg mit der StyleBar - Gr\u00fcnderCenter","isPartOf":{"@id":"https:\/\/sparkasse-bielefeld-online.de\/gruendercenter\/#website"},"primaryImageOfPage":{"@id":"https:\/\/sparkasse-bielefeld-online.de\/gruendercenter\/gruendungs-knowhow\/vom-mitarbeiter-zum-chef-maurice-haarfelds-erfolg-mit-der-stylebar\/#primaryimage"},"image":{"@id":"https:\/\/sparkasse-bielefeld-online.de\/gruendercenter\/gruendungs-knowhow\/vom-mitarbeiter-zum-chef-maurice-haarfelds-erfolg-mit-der-stylebar\/#primaryimage"},"thumbnailUrl":"https:\/\/sparkasse-bielefeld-online.de\/gruendercenter\/wp-content\/uploads\/2024\/09\/Foto-4.jpg","datePublished":"2024-09-24T10:10:56+00:00","dateModified":"2024-09-24T10:31:22+00:00","author":{"@id":"https:\/\/sparkasse-bielefeld-online.de\/gruendercenter\/#\/schema\/person\/a6feacf025ab9bf6af33bf8da67f50fc"},"breadcrumb":{"@id":"https:\/\/sparkasse-bielefeld-online.de\/gruendercenter\/gruendungs-knowhow\/vom-mitarbeiter-zum-chef-maurice-haarfelds-erfolg-mit-der-stylebar\/#breadcrumb"},"inLanguage":"de","potentialAction":[{"@type":"ReadAction","target":["https:\/\/sparkasse-bielefeld-online.de\/gruendercenter\/gruendungs-knowhow\/vom-mitarbeiter-zum-chef-maurice-haarfelds-erfolg-mit-der-stylebar\/"]}]},{"@type":"ImageObject","inLanguage":"de","@id":"https:\/\/sparkasse-bielefeld-online.de\/gruendercenter\/gruendungs-knowhow\/vom-mitarbeiter-zum-chef-maurice-haarfelds-erfolg-mit-der-stylebar\/#primaryimage","url":"https:\/\/sparkasse-bielefeld-online.de\/gruendercenter\/wp-content\/uploads\/2024\/09\/Foto-4.jpg","contentUrl":"https:\/\/sparkasse-bielefeld-online.de\/gruendercenter\/wp-content\/uploads\/2024\/09\/Foto-4.jpg","width":7938,"height":5295},{"@type":"BreadcrumbList","@id":"https:\/\/sparkasse-bielefeld-online.de\/gruendercenter\/gruendungs-knowhow\/vom-mitarbeiter-zum-chef-maurice-haarfelds-erfolg-mit-der-stylebar\/#breadcrumb","itemListElement":[{"@type":"ListItem","position":1,"name":"Home","item":"https:\/\/sparkasse-bielefeld-online.de\/gruendercenter\/"},{"@type":"ListItem","position":2,"name":"Vom Mitarbeiter zum Chef: Maurice Haarfelds Erfolg mit der StyleBar"}]},{"@type":"WebSite","@id":"https:\/\/sparkasse-bielefeld-online.de\/gruendercenter\/#website","url":"https:\/\/sparkasse-bielefeld-online.de\/gruendercenter\/","name":"Gr\u00fcnderCenter","description":"der Sparkasse Bielefeld","potentialAction":[{"@type":"SearchAction","target":{"@type":"EntryPoint","urlTemplate":"https:\/\/sparkasse-bielefeld-online.de\/gruendercenter\/?s={search_term_string}"},"query-input":"required name=search_term_string"}],"inLanguage":"de"},{"@type":"Person","@id":"https:\/\/sparkasse-bielefeld-online.de\/gruendercenter\/#\/schema\/person\/a6feacf025ab9bf6af33bf8da67f50fc","name":"Natalia Tietz","url":"https:\/\/sparkasse-bielefeld-online.de\/gruendercenter\/author\/nataliatietz\/"}]}},"_links":{"self":[{"href":"https:\/\/sparkasse-bielefeld-online.de\/gruendercenter\/wp-json\/wp\/v2\/posts\/1094"}],"collection":[{"href":"https:\/\/sparkasse-bielefeld-online.de\/gruendercenter\/wp-json\/wp\/v2\/posts"}],"about":[{"href":"https:\/\/sparkasse-bielefeld-online.de\/gruendercenter\/wp-json\/wp\/v2\/types\/post"}],"author":[{"embeddable":true,"href":"https:\/\/sparkasse-bielefeld-online.de\/gruendercenter\/wp-json\/wp\/v2\/users\/9"}],"replies":[{"embeddable":true,"href":"https:\/\/sparkasse-bielefeld-online.de\/gruendercenter\/wp-json\/wp\/v2\/comments?post=1094"}],"version-history":[{"count":17,"href":"https:\/\/sparkasse-bielefeld-online.de\/gruendercenter\/wp-json\/wp\/v2\/posts\/1094\/revisions"}],"predecessor-version":[{"id":1117,"href":"https:\/\/sparkasse-bielefeld-online.de\/gruendercenter\/wp-json\/wp\/v2\/posts\/1094\/revisions\/1117"}],"wp:featuredmedia":[{"embeddable":true,"href":"https:\/\/sparkasse-bielefeld-online.de\/gruendercenter\/wp-json\/wp\/v2\/media\/1098"}],"wp:attachment":[{"href":"https:\/\/sparkasse-bielefeld-online.de\/gruendercenter\/wp-json\/wp\/v2\/media?parent=1094"}],"wp:term":[{"taxonomy":"category","embeddable":true,"href":"https:\/\/sparkasse-bielefeld-online.de\/gruendercenter\/wp-json\/wp\/v2\/categories?post=1094"},{"taxonomy":"post_tag","embeddable":true,"href":"https:\/\/sparkasse-bielefeld-online.de\/gruendercenter\/wp-json\/wp\/v2\/tags?post=1094"}],"curies":[{"name":"wp","href":"https:\/\/api.w.org\/{rel}","templated":true}]}}