{"id":1146,"date":"2025-02-03T10:33:42","date_gmt":"2025-02-03T09:33:42","guid":{"rendered":"https:\/\/sparkasse-bielefeld-online.de\/gruendercenter\/?p=1146"},"modified":"2025-02-03T11:31:55","modified_gmt":"2025-02-03T10:31:55","slug":"zwei-brueder-mit-liebe-zum-handwerk","status":"publish","type":"post","link":"https:\/\/sparkasse-bielefeld-online.de\/gruendercenter\/gruendungs-knowhow\/zwei-brueder-mit-liebe-zum-handwerk\/","title":{"rendered":"Zwei Br\u00fcder mit Liebe zum Handwerk"},"content":{"rendered":"\n<p>Im Handwerk sind Familienbetriebe keine Seltenheit \u2013 \u00fcblicherweise bindet dabei die \u00e4ltere Generation die j\u00fcngeren Familienmitglieder zur Unterst\u00fctzung mit ein. Jannis und Marvin Vogt haben diese traditionelle Abfolge auf den Kopf gestellt: Vor einem Jahr gr\u00fcndeten die beiden 26- und 29-j\u00e4hrigen Br\u00fcder ihren eigenen Dach- und Holzbau-Betrieb und erst im Anschluss holten sie ihren Vater Stefan, einen erfahrenen Dachdecker, mit ins Team.<\/p>\n\n\n\n<p>Als die Br\u00fcder im April 2024 ihr Unternehmen in Schlo\u00df Holte-Stukenbrock gr\u00fcndeten, erf\u00fcllten sie sich einen Traum. \u201eDer Wunsch, uns zusammen selbstst\u00e4ndig zu machen, ist w\u00e4hrend der Meisterschule entstanden, die wir beide 2023 abgeschlossen haben\u201c, berichtet Marvin Vogt. Der \u00e4ltere der beiden Br\u00fcder hatte zuerst den Beruf Anlagenmechaniker erlernt und im Anschluss noch eine Ausbildung zum Dachdecker absolviert. Jannis Vogt ist gelernter Zimmerer. Nachdem beide als angestellte Handwerker Erfahrungen sammeln konnten, fassten sie den Plan, selbst etwas auf die Beine zu stellen. \u201eUns hat die Vorstellung gereizt, Projekte so abwickeln zu k\u00f6nnen, wie wir es f\u00fcr richtig halten\u201c, erkl\u00e4rt Jannis Vogt.<\/p>\n\n\n\n<figure class=\"wp-block-image size-large is-resized\"><img loading=\"lazy\" decoding=\"async\" width=\"1024\" height=\"683\" src=\"https:\/\/sparkasse-bielefeld-online.de\/gruendercenter\/wp-content\/uploads\/2025\/02\/250115-Sparkasse-Gruender-Vogt-24-1024x683.jpg\" alt=\"\" class=\"wp-image-1147\" style=\"width:844px;height:auto\" srcset=\"https:\/\/sparkasse-bielefeld-online.de\/gruendercenter\/wp-content\/uploads\/2025\/02\/250115-Sparkasse-Gruender-Vogt-24-1024x683.jpg 1024w, https:\/\/sparkasse-bielefeld-online.de\/gruendercenter\/wp-content\/uploads\/2025\/02\/250115-Sparkasse-Gruender-Vogt-24-300x200.jpg 300w, https:\/\/sparkasse-bielefeld-online.de\/gruendercenter\/wp-content\/uploads\/2025\/02\/250115-Sparkasse-Gruender-Vogt-24-768x512.jpg 768w, https:\/\/sparkasse-bielefeld-online.de\/gruendercenter\/wp-content\/uploads\/2025\/02\/250115-Sparkasse-Gruender-Vogt-24-1536x1024.jpg 1536w, https:\/\/sparkasse-bielefeld-online.de\/gruendercenter\/wp-content\/uploads\/2025\/02\/250115-Sparkasse-Gruender-Vogt-24-2048x1366.jpg 2048w\" sizes=\"(max-width: 1024px) 100vw, 1024px\" \/><\/figure>\n\n\n\n<p class=\"has-vivid-red-color has-text-color has-link-color wp-elements-5b1e5f08ca75f7c58a3559992db71df9\"><strong>Starke Familienbande<\/strong><\/p>\n\n\n\n<p>Nachdem sie zun\u00e4chst zu zweit gestartet waren, konnten sie aufgrund der Auftragslage schon nach kurzer Zeit ihren Vater als ersten Mitarbeiter anstellen. Diese Entscheidung spiegelt nicht nur den starken famili\u00e4ren Zusammenhalt wider, sondern zeigt auch das Vertrauen der Br\u00fcder in die Kompetenzen ihres Vaters. \u201eWir sch\u00e4tzen seine Erfahrung und sein Wissen sehr\u201c, erkl\u00e4rt Marvin Vogt. Probleme, dass nun die S\u00f6hne Chefs des Vaters sind, gebe es keine, so Marvin Vogt weiter. \u201eWir sind ein gutes Team.\u201c Auch die Mutter und die Partnerinnen der Br\u00fcder engagieren sich f\u00fcr den Familienbetrieb und unterst\u00fctzen, wenn es n\u00f6tig ist. Die Leidenschaft zum Handwerk wurde den beiden Br\u00fcdern quasi schon in die Wiege gelegt. Aus einer Handwerkerfamilie stammend, waren sie schon fr\u00fch auf Baustellen mit dabei. In den Schulferien besserten sie sp\u00e4ter ihr Taschengeld auf dem Bau auf. \u201eNach unserer Schulzeit stellte sich daher auch gar nicht die Frage, welchen beruflichen Weg wir einschlagen wollen\u201c, berichtet Marvin Vogt.<\/p>\n\n\n\n<p class=\"has-vivid-red-color has-text-color has-link-color wp-elements-d0dcbbd0f614a09e25aabb17a70e18e8\"><strong>Kollegiales Betriebsklima<\/strong><\/p>\n\n\n\n<figure class=\"wp-block-image size-large\"><img loading=\"lazy\" decoding=\"async\" width=\"1024\" height=\"683\" src=\"https:\/\/sparkasse-bielefeld-online.de\/gruendercenter\/wp-content\/uploads\/2025\/02\/250115-Sparkasse-Gruender-Vogt-13-1024x683.jpg\" alt=\"\" class=\"wp-image-1148\" srcset=\"https:\/\/sparkasse-bielefeld-online.de\/gruendercenter\/wp-content\/uploads\/2025\/02\/250115-Sparkasse-Gruender-Vogt-13-1024x683.jpg 1024w, https:\/\/sparkasse-bielefeld-online.de\/gruendercenter\/wp-content\/uploads\/2025\/02\/250115-Sparkasse-Gruender-Vogt-13-300x200.jpg 300w, https:\/\/sparkasse-bielefeld-online.de\/gruendercenter\/wp-content\/uploads\/2025\/02\/250115-Sparkasse-Gruender-Vogt-13-768x512.jpg 768w, https:\/\/sparkasse-bielefeld-online.de\/gruendercenter\/wp-content\/uploads\/2025\/02\/250115-Sparkasse-Gruender-Vogt-13-1536x1025.jpg 1536w, https:\/\/sparkasse-bielefeld-online.de\/gruendercenter\/wp-content\/uploads\/2025\/02\/250115-Sparkasse-Gruender-Vogt-13-2048x1366.jpg 2048w\" sizes=\"(max-width: 1024px) 100vw, 1024px\" \/><\/figure>\n\n\n\n<p>Mittlerweile hat die junge Firma vier Mitarbeiter, ab Sommer wird ein Auszubildender das Team verst\u00e4rken. \u201eEin kollegiales Miteinander ist uns extrem wichtig\u201c, betonen beide Gr\u00fcnder, die nach getaner Arbeit auch schon mal den Grill f\u00fcr die Belegschaft anwerfen. &nbsp;\u201eWir sind stolz auf unser eingespieltes Team und die famili\u00e4re Atmosph\u00e4re\u201c, erg\u00e4nzt Jannis Vogt. Die Br\u00fcder wissen, dass die Qualit\u00e4t ihrer Arbeit ma\u00dfgeblich auch vom Engagement und der Zufriedenheit ihrer Mitarbeiter abh\u00e4ngt.<\/p>\n\n\n\n<p>Auch nach au\u00dfen tritt die junge Firma mit einem einheitlichen Konzept auf. Arbeitskleidung, Firmenfahrzeuge und Visitenkarten sind schwarz, Akzente setzt das Firmenlogo, ein kupferfarbendes Dach, eingerahmt von Zunftwappen. \u201eBei unseren Kunden m\u00f6chten wir nicht nur durch unsere gute Arbeit, sondern auch durch unseren Auftritt einen bleibenden Eindruck zu hinterlassen\u201c, so Marvin Vogt.<\/p>\n\n\n\n<p class=\"has-vivid-red-color has-text-color has-link-color wp-elements-f18b47096083e1c13312a4449725a099\"><strong>Breites Leistungsspektrum <\/strong><\/p>\n\n\n\n<p>Durch die Expertise zweier Handwerksberufe, Zimmerer und Dachdecker, bieten die Vogts ein breites Spektrum an Bau- und Dacharbeiten an. Beide Gewerke in einer Firma zu vereinen, biete die M\u00f6glichkeit, Planungsprozesse zu vereinfachen und ein vielf\u00e4ltigeres L\u00f6sungsspektrum anzubieten, so Marvin Vogt. Besonderes Potenzial sehen die Br\u00fcder im Holzrahmenbau, mit dem sie Anbauten an bestehende Geb\u00e4ude verwirklichen. \u201eDas hat sich als echter Bedarf herauskristallisiert\u201c, erkl\u00e4rt Jannis Vogt. Weil die Kosten f\u00fcr Neubauten stark gestiegen seien, viele Hausbesitzer in der l\u00e4ndlichen Region aber gro\u00dfe Grundst\u00fccke bes\u00e4\u00dfen, seien Anbauten an bestehende Geb\u00e4ude gefragt.<\/p>\n\n\n\n<p class=\"has-vivid-red-color has-text-color has-link-color wp-elements-cde9f6b0fc457544cbedb8e63a5800bf\"><strong>Unterst\u00fctzung durch die Sparkasse<\/strong><\/p>\n\n\n\n<p>Die Herausforderungen, denen sich Jannis und Marvin Vogt in der nur neunmonatigen Gr\u00fcndungsphase stellen mussten, waren vielf\u00e4ltig. Von der Beschaffung des Startkapitals \u00fcber die Suche nach einer geeigneten Immobilie und die Organisation der Betriebsabl\u00e4ufe bis hin zur Kundenakquise \u2013 die Anfangszeit verlangte den Br\u00fcdern einiges ab. \u201eHilfe beim Businessplan bekamen wir von der Handwerkskammer\u201c, erz\u00e4hlt Jannis Vogt. Bei der Finanzierung unterst\u00fctzte die Gr\u00fcnderberatung der Sparkasse Bielefeld die Jungunternehmer. \u201eDas erste Gr\u00fcndungsgespr\u00e4ch hat bei uns im Dezember 2023 stattgefunden\u201c, erinnert sich Wolfgang Stisser, Gr\u00fcnderberater der Sparkasse Bielefeld. \u201eDer Businessplan hat uns genauso \u00fcberzeugt wie die beiden Gr\u00fcnderpers\u00f6nlichkeiten\u201c, berichtet der Gr\u00fcndungsexperte, \u201esodass wir im Januar 2024 die Finanzierung bei der KfW-Bank beantragt haben\u201c. Die \u201eordentliche Planung und die Qualifikation der Gr\u00fcnder\u201c, so Stisser, trugen ma\u00dfgeblich dazu bei, dass der ganze Prozess schnell verlief. \u201eVon den Voraussetzungen her passte hier einfach alles\u201c, erkl\u00e4rt Stisser.<\/p>\n\n\n\n<figure class=\"wp-block-image size-large\"><img loading=\"lazy\" decoding=\"async\" width=\"1024\" height=\"683\" src=\"https:\/\/sparkasse-bielefeld-online.de\/gruendercenter\/wp-content\/uploads\/2025\/02\/250115-Sparkasse-Gruender-Vogt-03-1024x683.jpg\" alt=\"\" class=\"wp-image-1149\" srcset=\"https:\/\/sparkasse-bielefeld-online.de\/gruendercenter\/wp-content\/uploads\/2025\/02\/250115-Sparkasse-Gruender-Vogt-03-1024x683.jpg 1024w, https:\/\/sparkasse-bielefeld-online.de\/gruendercenter\/wp-content\/uploads\/2025\/02\/250115-Sparkasse-Gruender-Vogt-03-300x200.jpg 300w, https:\/\/sparkasse-bielefeld-online.de\/gruendercenter\/wp-content\/uploads\/2025\/02\/250115-Sparkasse-Gruender-Vogt-03-768x512.jpg 768w, https:\/\/sparkasse-bielefeld-online.de\/gruendercenter\/wp-content\/uploads\/2025\/02\/250115-Sparkasse-Gruender-Vogt-03-1536x1024.jpg 1536w, https:\/\/sparkasse-bielefeld-online.de\/gruendercenter\/wp-content\/uploads\/2025\/02\/250115-Sparkasse-Gruender-Vogt-03-2048x1366.jpg 2048w\" sizes=\"(max-width: 1024px) 100vw, 1024px\" \/><\/figure>\n\n\n\n<p class=\"has-vivid-red-color has-text-color has-link-color wp-elements-3c746183900072a7258ac5fd08699beb\"><strong>Erfolgsfaktor \u201eRegion\u201c<\/strong><\/p>\n\n\n\n<p>Die gr\u00f6\u00dften Bauchschmerzen bei der Gr\u00fcndung machte den Br\u00fcdern darum auch nicht der Kredit, sondern die Ungewissheit, ob sie von Beginn an ausgelastet sein w\u00fcrden. \u201eDas hat sich Gott sei Dank gut eingespielt\u201c, so Marvin Vogt erleichtert. Beide Br\u00fcder sind in ihrer Region tief verwurzelt. Geboren und aufgewachsen in Schlo\u00df Holte, kennen sie die Bed\u00fcrfnisse und W\u00fcnsche ihrer Mitmenschen dort gut. \u201eF\u00fcr uns war klar, dass wir dort arbeiten wollen, wo wir leben\u201c, erkl\u00e4rt Marvin Vogt. Die Ortsverbundenheit und N\u00e4he zu den Menschen der Region ist ein wesentlicher Erfolgsfaktor ihres Unternehmens. Pers\u00f6nliche Kontakte verschafften den beiden die ersten Auftr\u00e4ge, die mittlerweile aber aus dem ganzen Umkreis kommen<\/p>\n\n\n\n<p class=\"has-vivid-red-color has-text-color has-link-color wp-elements-38cff8c8b5531fa4679369650303a807\"><strong>Gute Netzwerker<\/strong><\/p>\n\n\n\n<p>Innerhalb eines knappen Jahres habe sich die Br\u00fcder mittlerweile ein Netzwerk von Handwerkern, Architekten und Bauplanern aufgebaut, mit denen sie bei Kundenprojekten zusammenarbeiten. Aber auch in den eigenen Branchen suchen die beiden den Kontakt: \u201eWir sind der Innung beigetreten\u201c, berichtet Marvin Vogt. \u201eDas war uns wichtig, um auch Kontakte mit anderen Firmen in der Region zu kn\u00fcpfen. Wir sind froh, dass wir dort und auch bei anderen Firmen, mit denen wir durch unseren fr\u00fcheren Werdegang noch guten Kontakt halten, auch mal um Rat fragen k\u00f6nnen.\u201c<\/p>\n\n\n\n<p><strong>Dach- und Holzbau Vogt GmbH. Industriestr. 1b, 33758 Schlo\u00df Holte, Tel. 05207 991 8629, <\/strong><a href=\"http:\/\/www.dach-holzbau-vogt.de\">http:\/\/www.dach-holzbau-vogt.de<\/a><\/p>\n\n\n\n<p class=\"has-small-font-size\">Text: Annette Meyer zu Bargholz<\/p>\n\n\n\n<p class=\"has-small-font-size\">Fotos: Sarah Jonek <\/p>\n","protected":false},"excerpt":{"rendered":"<p>Im Handwerk sind Familienbetriebe keine Seltenheit \u2013 \u00fcblicherweise bindet dabei die \u00e4ltere Generation die j\u00fcngeren Familienmitglieder zur Unterst\u00fctzung mit ein. Jannis und Marvin Vogt haben diese traditionelle Abfolge auf den Kopf gestellt: Vor einem Jahr gr\u00fcndeten die beiden 26- und 29-j\u00e4hrigen Br\u00fcder ihren eigenen Dach- und Holzbau-Betrieb und erst im Anschluss holten sie ihren Vater [&hellip;]<\/p>\n","protected":false},"author":9,"featured_media":1147,"comment_status":"closed","ping_status":"closed","sticky":true,"template":"","format":"standard","meta":{"footnotes":""},"categories":[11,10],"tags":[24,49,77,78,91,75],"yoast_head":"<!-- This site is optimized with the Yoast SEO plugin v23.0 - https:\/\/yoast.com\/wordpress\/plugins\/seo\/ -->\n<title>Zwei Br\u00fcder mit Liebe zum Handwerk - Gr\u00fcnderCenter<\/title>\n<meta name=\"robots\" content=\"index, follow, max-snippet:-1, max-image-preview:large, max-video-preview:-1\" \/>\n<link rel=\"canonical\" href=\"https:\/\/sparkasse-bielefeld-online.de\/gruendercenter\/gruendungs-knowhow\/zwei-brueder-mit-liebe-zum-handwerk\/\" \/>\n<meta property=\"og:locale\" content=\"de_DE\" \/>\n<meta property=\"og:type\" content=\"article\" \/>\n<meta property=\"og:title\" content=\"Zwei Br\u00fcder mit Liebe zum Handwerk - Gr\u00fcnderCenter\" \/>\n<meta property=\"og:description\" content=\"Im Handwerk sind Familienbetriebe keine Seltenheit \u2013 \u00fcblicherweise bindet dabei die \u00e4ltere Generation die j\u00fcngeren Familienmitglieder zur Unterst\u00fctzung mit ein. Jannis und Marvin Vogt haben diese traditionelle Abfolge auf den Kopf gestellt: Vor einem Jahr gr\u00fcndeten die beiden 26- und 29-j\u00e4hrigen Br\u00fcder ihren eigenen Dach- und Holzbau-Betrieb und erst im Anschluss holten sie ihren Vater [&hellip;]\" \/>\n<meta property=\"og:url\" content=\"https:\/\/sparkasse-bielefeld-online.de\/gruendercenter\/gruendungs-knowhow\/zwei-brueder-mit-liebe-zum-handwerk\/\" \/>\n<meta property=\"og:site_name\" content=\"Gr\u00fcnderCenter\" \/>\n<meta property=\"article:published_time\" content=\"2025-02-03T09:33:42+00:00\" \/>\n<meta property=\"article:modified_time\" content=\"2025-02-03T10:31:55+00:00\" \/>\n<meta property=\"og:image\" content=\"https:\/\/sparkasse-bielefeld-online.de\/gruendercenter\/wp-content\/uploads\/2025\/02\/250115-Sparkasse-Gruender-Vogt-24-scaled.jpg\" \/>\n\t<meta property=\"og:image:width\" content=\"2560\" \/>\n\t<meta property=\"og:image:height\" content=\"1707\" \/>\n\t<meta property=\"og:image:type\" content=\"image\/jpeg\" \/>\n<meta name=\"author\" content=\"Natalia Tietz\" \/>\n<meta name=\"twitter:card\" content=\"summary_large_image\" \/>\n<meta name=\"twitter:label1\" content=\"Geschrieben von\" \/>\n\t<meta name=\"twitter:data1\" content=\"Natalia Tietz\" \/>\n\t<meta name=\"twitter:label2\" content=\"Gesch\u00e4tzte Lesezeit\" \/>\n\t<meta name=\"twitter:data2\" content=\"6\u00a0Minuten\" \/>\n<script type=\"application\/ld+json\" class=\"yoast-schema-graph\">{\"@context\":\"https:\/\/schema.org\",\"@graph\":[{\"@type\":\"WebPage\",\"@id\":\"https:\/\/sparkasse-bielefeld-online.de\/gruendercenter\/gruendungs-knowhow\/zwei-brueder-mit-liebe-zum-handwerk\/\",\"url\":\"https:\/\/sparkasse-bielefeld-online.de\/gruendercenter\/gruendungs-knowhow\/zwei-brueder-mit-liebe-zum-handwerk\/\",\"name\":\"Zwei Br\u00fcder mit Liebe zum Handwerk - Gr\u00fcnderCenter\",\"isPartOf\":{\"@id\":\"https:\/\/sparkasse-bielefeld-online.de\/gruendercenter\/#website\"},\"primaryImageOfPage\":{\"@id\":\"https:\/\/sparkasse-bielefeld-online.de\/gruendercenter\/gruendungs-knowhow\/zwei-brueder-mit-liebe-zum-handwerk\/#primaryimage\"},\"image\":{\"@id\":\"https:\/\/sparkasse-bielefeld-online.de\/gruendercenter\/gruendungs-knowhow\/zwei-brueder-mit-liebe-zum-handwerk\/#primaryimage\"},\"thumbnailUrl\":\"https:\/\/sparkasse-bielefeld-online.de\/gruendercenter\/wp-content\/uploads\/2025\/02\/250115-Sparkasse-Gruender-Vogt-24-scaled.jpg\",\"datePublished\":\"2025-02-03T09:33:42+00:00\",\"dateModified\":\"2025-02-03T10:31:55+00:00\",\"author\":{\"@id\":\"https:\/\/sparkasse-bielefeld-online.de\/gruendercenter\/#\/schema\/person\/a6feacf025ab9bf6af33bf8da67f50fc\"},\"breadcrumb\":{\"@id\":\"https:\/\/sparkasse-bielefeld-online.de\/gruendercenter\/gruendungs-knowhow\/zwei-brueder-mit-liebe-zum-handwerk\/#breadcrumb\"},\"inLanguage\":\"de\",\"potentialAction\":[{\"@type\":\"ReadAction\",\"target\":[\"https:\/\/sparkasse-bielefeld-online.de\/gruendercenter\/gruendungs-knowhow\/zwei-brueder-mit-liebe-zum-handwerk\/\"]}]},{\"@type\":\"ImageObject\",\"inLanguage\":\"de\",\"@id\":\"https:\/\/sparkasse-bielefeld-online.de\/gruendercenter\/gruendungs-knowhow\/zwei-brueder-mit-liebe-zum-handwerk\/#primaryimage\",\"url\":\"https:\/\/sparkasse-bielefeld-online.de\/gruendercenter\/wp-content\/uploads\/2025\/02\/250115-Sparkasse-Gruender-Vogt-24-scaled.jpg\",\"contentUrl\":\"https:\/\/sparkasse-bielefeld-online.de\/gruendercenter\/wp-content\/uploads\/2025\/02\/250115-Sparkasse-Gruender-Vogt-24-scaled.jpg\",\"width\":2560,\"height\":1707},{\"@type\":\"BreadcrumbList\",\"@id\":\"https:\/\/sparkasse-bielefeld-online.de\/gruendercenter\/gruendungs-knowhow\/zwei-brueder-mit-liebe-zum-handwerk\/#breadcrumb\",\"itemListElement\":[{\"@type\":\"ListItem\",\"position\":1,\"name\":\"Home\",\"item\":\"https:\/\/sparkasse-bielefeld-online.de\/gruendercenter\/\"},{\"@type\":\"ListItem\",\"position\":2,\"name\":\"Zwei Br\u00fcder mit Liebe zum Handwerk\"}]},{\"@type\":\"WebSite\",\"@id\":\"https:\/\/sparkasse-bielefeld-online.de\/gruendercenter\/#website\",\"url\":\"https:\/\/sparkasse-bielefeld-online.de\/gruendercenter\/\",\"name\":\"Gr\u00fcnderCenter\",\"description\":\"der Sparkasse Bielefeld\",\"potentialAction\":[{\"@type\":\"SearchAction\",\"target\":{\"@type\":\"EntryPoint\",\"urlTemplate\":\"https:\/\/sparkasse-bielefeld-online.de\/gruendercenter\/?s={search_term_string}\"},\"query-input\":\"required name=search_term_string\"}],\"inLanguage\":\"de\"},{\"@type\":\"Person\",\"@id\":\"https:\/\/sparkasse-bielefeld-online.de\/gruendercenter\/#\/schema\/person\/a6feacf025ab9bf6af33bf8da67f50fc\",\"name\":\"Natalia Tietz\",\"url\":\"https:\/\/sparkasse-bielefeld-online.de\/gruendercenter\/author\/nataliatietz\/\"}]}<\/script>\n<!-- \/ Yoast SEO plugin. -->","yoast_head_json":{"title":"Zwei Br\u00fcder mit Liebe zum Handwerk - Gr\u00fcnderCenter","robots":{"index":"index","follow":"follow","max-snippet":"max-snippet:-1","max-image-preview":"max-image-preview:large","max-video-preview":"max-video-preview:-1"},"canonical":"https:\/\/sparkasse-bielefeld-online.de\/gruendercenter\/gruendungs-knowhow\/zwei-brueder-mit-liebe-zum-handwerk\/","og_locale":"de_DE","og_type":"article","og_title":"Zwei Br\u00fcder mit Liebe zum Handwerk - Gr\u00fcnderCenter","og_description":"Im Handwerk sind Familienbetriebe keine Seltenheit \u2013 \u00fcblicherweise bindet dabei die \u00e4ltere Generation die j\u00fcngeren Familienmitglieder zur Unterst\u00fctzung mit ein. Jannis und Marvin Vogt haben diese traditionelle Abfolge auf den Kopf gestellt: Vor einem Jahr gr\u00fcndeten die beiden 26- und 29-j\u00e4hrigen Br\u00fcder ihren eigenen Dach- und Holzbau-Betrieb und erst im Anschluss holten sie ihren Vater [&hellip;]","og_url":"https:\/\/sparkasse-bielefeld-online.de\/gruendercenter\/gruendungs-knowhow\/zwei-brueder-mit-liebe-zum-handwerk\/","og_site_name":"Gr\u00fcnderCenter","article_published_time":"2025-02-03T09:33:42+00:00","article_modified_time":"2025-02-03T10:31:55+00:00","og_image":[{"width":2560,"height":1707,"url":"https:\/\/sparkasse-bielefeld-online.de\/gruendercenter\/wp-content\/uploads\/2025\/02\/250115-Sparkasse-Gruender-Vogt-24-scaled.jpg","type":"image\/jpeg"}],"author":"Natalia Tietz","twitter_card":"summary_large_image","twitter_misc":{"Geschrieben von":"Natalia Tietz","Gesch\u00e4tzte Lesezeit":"6\u00a0Minuten"},"schema":{"@context":"https:\/\/schema.org","@graph":[{"@type":"WebPage","@id":"https:\/\/sparkasse-bielefeld-online.de\/gruendercenter\/gruendungs-knowhow\/zwei-brueder-mit-liebe-zum-handwerk\/","url":"https:\/\/sparkasse-bielefeld-online.de\/gruendercenter\/gruendungs-knowhow\/zwei-brueder-mit-liebe-zum-handwerk\/","name":"Zwei Br\u00fcder mit Liebe zum Handwerk - Gr\u00fcnderCenter","isPartOf":{"@id":"https:\/\/sparkasse-bielefeld-online.de\/gruendercenter\/#website"},"primaryImageOfPage":{"@id":"https:\/\/sparkasse-bielefeld-online.de\/gruendercenter\/gruendungs-knowhow\/zwei-brueder-mit-liebe-zum-handwerk\/#primaryimage"},"image":{"@id":"https:\/\/sparkasse-bielefeld-online.de\/gruendercenter\/gruendungs-knowhow\/zwei-brueder-mit-liebe-zum-handwerk\/#primaryimage"},"thumbnailUrl":"https:\/\/sparkasse-bielefeld-online.de\/gruendercenter\/wp-content\/uploads\/2025\/02\/250115-Sparkasse-Gruender-Vogt-24-scaled.jpg","datePublished":"2025-02-03T09:33:42+00:00","dateModified":"2025-02-03T10:31:55+00:00","author":{"@id":"https:\/\/sparkasse-bielefeld-online.de\/gruendercenter\/#\/schema\/person\/a6feacf025ab9bf6af33bf8da67f50fc"},"breadcrumb":{"@id":"https:\/\/sparkasse-bielefeld-online.de\/gruendercenter\/gruendungs-knowhow\/zwei-brueder-mit-liebe-zum-handwerk\/#breadcrumb"},"inLanguage":"de","potentialAction":[{"@type":"ReadAction","target":["https:\/\/sparkasse-bielefeld-online.de\/gruendercenter\/gruendungs-knowhow\/zwei-brueder-mit-liebe-zum-handwerk\/"]}]},{"@type":"ImageObject","inLanguage":"de","@id":"https:\/\/sparkasse-bielefeld-online.de\/gruendercenter\/gruendungs-knowhow\/zwei-brueder-mit-liebe-zum-handwerk\/#primaryimage","url":"https:\/\/sparkasse-bielefeld-online.de\/gruendercenter\/wp-content\/uploads\/2025\/02\/250115-Sparkasse-Gruender-Vogt-24-scaled.jpg","contentUrl":"https:\/\/sparkasse-bielefeld-online.de\/gruendercenter\/wp-content\/uploads\/2025\/02\/250115-Sparkasse-Gruender-Vogt-24-scaled.jpg","width":2560,"height":1707},{"@type":"BreadcrumbList","@id":"https:\/\/sparkasse-bielefeld-online.de\/gruendercenter\/gruendungs-knowhow\/zwei-brueder-mit-liebe-zum-handwerk\/#breadcrumb","itemListElement":[{"@type":"ListItem","position":1,"name":"Home","item":"https:\/\/sparkasse-bielefeld-online.de\/gruendercenter\/"},{"@type":"ListItem","position":2,"name":"Zwei Br\u00fcder mit Liebe zum Handwerk"}]},{"@type":"WebSite","@id":"https:\/\/sparkasse-bielefeld-online.de\/gruendercenter\/#website","url":"https:\/\/sparkasse-bielefeld-online.de\/gruendercenter\/","name":"Gr\u00fcnderCenter","description":"der Sparkasse Bielefeld","potentialAction":[{"@type":"SearchAction","target":{"@type":"EntryPoint","urlTemplate":"https:\/\/sparkasse-bielefeld-online.de\/gruendercenter\/?s={search_term_string}"},"query-input":"required name=search_term_string"}],"inLanguage":"de"},{"@type":"Person","@id":"https:\/\/sparkasse-bielefeld-online.de\/gruendercenter\/#\/schema\/person\/a6feacf025ab9bf6af33bf8da67f50fc","name":"Natalia Tietz","url":"https:\/\/sparkasse-bielefeld-online.de\/gruendercenter\/author\/nataliatietz\/"}]}},"_links":{"self":[{"href":"https:\/\/sparkasse-bielefeld-online.de\/gruendercenter\/wp-json\/wp\/v2\/posts\/1146"}],"collection":[{"href":"https:\/\/sparkasse-bielefeld-online.de\/gruendercenter\/wp-json\/wp\/v2\/posts"}],"about":[{"href":"https:\/\/sparkasse-bielefeld-online.de\/gruendercenter\/wp-json\/wp\/v2\/types\/post"}],"author":[{"embeddable":true,"href":"https:\/\/sparkasse-bielefeld-online.de\/gruendercenter\/wp-json\/wp\/v2\/users\/9"}],"replies":[{"embeddable":true,"href":"https:\/\/sparkasse-bielefeld-online.de\/gruendercenter\/wp-json\/wp\/v2\/comments?post=1146"}],"version-history":[{"count":4,"href":"https:\/\/sparkasse-bielefeld-online.de\/gruendercenter\/wp-json\/wp\/v2\/posts\/1146\/revisions"}],"predecessor-version":[{"id":1155,"href":"https:\/\/sparkasse-bielefeld-online.de\/gruendercenter\/wp-json\/wp\/v2\/posts\/1146\/revisions\/1155"}],"wp:featuredmedia":[{"embeddable":true,"href":"https:\/\/sparkasse-bielefeld-online.de\/gruendercenter\/wp-json\/wp\/v2\/media\/1147"}],"wp:attachment":[{"href":"https:\/\/sparkasse-bielefeld-online.de\/gruendercenter\/wp-json\/wp\/v2\/media?parent=1146"}],"wp:term":[{"taxonomy":"category","embeddable":true,"href":"https:\/\/sparkasse-bielefeld-online.de\/gruendercenter\/wp-json\/wp\/v2\/categories?post=1146"},{"taxonomy":"post_tag","embeddable":true,"href":"https:\/\/sparkasse-bielefeld-online.de\/gruendercenter\/wp-json\/wp\/v2\/tags?post=1146"}],"curies":[{"name":"wp","href":"https:\/\/api.w.org\/{rel}","templated":true}]}}