{"id":737,"date":"2022-09-05T14:55:00","date_gmt":"2022-09-05T12:55:00","guid":{"rendered":"https:\/\/www.sparkasse-bielefeld-online.de\/gruendercenter\/?p=737"},"modified":"2022-09-05T15:24:36","modified_gmt":"2022-09-05T13:24:36","slug":"nachhaltig-und-regional","status":"publish","type":"post","link":"https:\/\/sparkasse-bielefeld-online.de\/gruendercenter\/allgemein\/nachhaltig-und-regional\/","title":{"rendered":"Nachhaltig und regional: Einkaufen im Hofladen K\u00f6ckerhof"},"content":{"rendered":"\n<p>Es ist eine kleine Idylle am Stadtrand Bielefelds: Nur wenige Hundert Meter von der belebten Verkehrskreuzung in Babenhausen-S\u00fcd entfernt, empf\u00e4ngt die Besucherinnen und Besucher des K\u00f6ckerhofs eine entschleunigte Welt. Schweinegrunzen und H\u00fchnergackern begleiten die Kundinnen und Kunden auf dem Weg von den Parkpl\u00e4tzen zu den zwei Hofl\u00e4den, die in Scheunengeb\u00e4uden am baumbestandenen Innenhof untergebracht sind. Sp\u00e4testens beim Anblick des Zirkuswagencaf\u00e9s unter dem gro\u00dfen Walnussbaum wird deutlich, dass es hier um mehr als nur das reine Einkaufen geht. Denn nach dem Einkauf k\u00f6nnen die Tiere angeschaut, der frisch renovierte Sandkasten durchpfl\u00fcgt oder ein St\u00fcck Kuchen im Caf\u00e9 genossen werden.<\/p>\n\n\n\n<div class=\"wp-block-media-text alignwide is-stacked-on-mobile\"><figure class=\"wp-block-media-text__media\"><img loading=\"lazy\" decoding=\"async\" width=\"800\" height=\"533\" src=\"https:\/\/www.sparkasse-bielefeld-online.de\/gruendercenter\/wp-content\/uploads\/2022\/09\/Bild.jpg\" alt=\"\" class=\"wp-image-817\" srcset=\"https:\/\/sparkasse-bielefeld-online.de\/gruendercenter\/wp-content\/uploads\/2022\/09\/Bild.jpg 800w, https:\/\/sparkasse-bielefeld-online.de\/gruendercenter\/wp-content\/uploads\/2022\/09\/Bild-300x200.jpg 300w, https:\/\/sparkasse-bielefeld-online.de\/gruendercenter\/wp-content\/uploads\/2022\/09\/Bild-768x512.jpg 768w\" sizes=\"(max-width: 800px) 100vw, 800px\" \/><\/figure><div class=\"wp-block-media-text__content\">\n<p>\u201eNeben den lokal und regional produzierten Lebensmitteln, die man bei uns kaufen kann, sind wir besonders f\u00fcr Familien mit Kindern ein attraktives Ausflugsziel\u201c, so Johannes Meyer zur M\u00fcdehorst.<\/p>\n<\/div><\/div>\n\n\n\n<h3 class=\"wp-block-heading\"><strong>Hof in vierter Generation<\/strong><\/h3>\n\n\n\n<p>Obwohl es sich bei dem K\u00f6ckerhof um einen Familienbetrieb in vierter Generation handelt, ist der 33-j\u00e4hrige Bauer auch ein Unternehmensgr\u00fcnder: Erst Anfang des Jahres hat er den Naturkost-Hofladen von seiner Mutter \u00fcbernommen. Wer den Bauernhof im Norden der Stadt besucht und in den beiden Hofl\u00e4den einkauft, ahnt nicht, dass bis vor Kurzem vier getrennte Unternehmen dahinterstanden: Der Naturkostladen, der bis Ende 2021 Mutter Martina geh\u00f6rte. Der Gem\u00fcseanbau sowie das Gem\u00fcsegesch\u00e4ft, die der studierte Agrarwissenschaftler bereits Anfang 2020 von einem P\u00e4chter-Ehepaar \u00fcbernahm. Und die Landwirtschaft und Tierhaltung, die nach wie vor von Vater Jochen betrieben werden.  <\/p>\n\n\n\n<p><\/p>\n\n\n\n<div class=\"wp-block-media-text alignwide has-media-on-the-right is-stacked-on-mobile\"><figure class=\"wp-block-media-text__media\"><img loading=\"lazy\" decoding=\"async\" width=\"800\" height=\"533\" src=\"https:\/\/www.sparkasse-bielefeld-online.de\/gruendercenter\/wp-content\/uploads\/2022\/09\/Johannes-f\u00fcttert-die-Rinder.jpg\" alt=\"\" class=\"wp-image-801\" srcset=\"https:\/\/sparkasse-bielefeld-online.de\/gruendercenter\/wp-content\/uploads\/2022\/09\/Johannes-f\u00fcttert-die-Rinder.jpg 800w, https:\/\/sparkasse-bielefeld-online.de\/gruendercenter\/wp-content\/uploads\/2022\/09\/Johannes-f\u00fcttert-die-Rinder-300x200.jpg 300w, https:\/\/sparkasse-bielefeld-online.de\/gruendercenter\/wp-content\/uploads\/2022\/09\/Johannes-f\u00fcttert-die-Rinder-768x512.jpg 768w\" sizes=\"(max-width: 800px) 100vw, 800px\" \/><\/figure><div class=\"wp-block-media-text__content\">\n<p>\u201eDie Kunden erleben den Hof als ein Ganzes\u201c, erkl\u00e4rt der junge Unternehmer. \u201eMein Ziel ist es, die verschiedenen Gesch\u00e4ftszweige wieder zu vereinen, vielleicht auch einmal in einem einzigen Verkaufslokal\u201c. <\/p>\n<\/div><\/div>\n\n\n\n<p><\/p>\n\n\n\n<p>Mit dazu geh\u00f6re mittelfristig auch die Landwirtschaft, da sein Bruder Julius, der in einer anderen Branche t\u00e4tig ist, den Agrarbetrieb nicht \u00fcbernehmen m\u00f6chte. Genauso wie die Mutter unterst\u00fctzt er aber seinen Bruder, wann immer es gefragt ist.<\/p>\n\n\n\n<h3 class=\"wp-block-heading\"><strong>Nachfolge innerhalb der Familie<\/strong><\/h3>\n\n\n\n<p>Nachfolgeregelungen innerhalb der Familie sind ein sensibles Thema. Neben dem Gesch\u00e4ftlichen spielen hier die famili\u00e4ren Bindungen und Gef\u00fchle eine gro\u00dfe Rolle. Aus diesem Grund haben Mutter und Sohn beide externe Unternehmensberater mit ins Boot geholt: \u201eDadurch konnten wir den ganzen Prozess enorm versachlichen\u201c, berichtet Meyer zur M\u00fcdehorst.<\/p>\n\n\n\n<div class=\"wp-block-media-text alignwide is-stacked-on-mobile\"><figure class=\"wp-block-media-text__media\"><img loading=\"lazy\" decoding=\"async\" width=\"800\" height=\"530\" src=\"https:\/\/www.sparkasse-bielefeld-online.de\/gruendercenter\/wp-content\/uploads\/2022\/09\/Wolfgang-Stisser-1.jpg\" alt=\"\" class=\"wp-image-822\" srcset=\"https:\/\/sparkasse-bielefeld-online.de\/gruendercenter\/wp-content\/uploads\/2022\/09\/Wolfgang-Stisser-1.jpg 800w, https:\/\/sparkasse-bielefeld-online.de\/gruendercenter\/wp-content\/uploads\/2022\/09\/Wolfgang-Stisser-1-300x199.jpg 300w, https:\/\/sparkasse-bielefeld-online.de\/gruendercenter\/wp-content\/uploads\/2022\/09\/Wolfgang-Stisser-1-768x509.jpg 768w\" sizes=\"(max-width: 800px) 100vw, 800px\" \/><\/figure><div class=\"wp-block-media-text__content\">\n<p>\u201eAuch wir empfehlen Gr\u00fcnderinnen und Gr\u00fcndern, sich bereits im Vorfeld gr\u00fcndlich steuerlich und rechtlich beraten zu lassen\u201c, erkl\u00e4rt Wolfgang Stisser, Gr\u00fcnderberater der Sparkasse Bielefeld.<\/p>\n<\/div><\/div>\n\n\n\n<p><\/p>\n\n\n\n<p>Der Finanzexperte stand dem Jungunternehmer bereits bei der ersten \u00dcbernahme des Gem\u00fcseladens mit Rat und Tat zur Seite. \u201eGerade bei \u00dcbernahmen innerhalb der Familie, bei denen zum Beispiel auch erbrechtliche Fragen eine Rolle spielen k\u00f6nnen, empfehlen wir rechtzeitig mit Notaren, Steuerberatern und Rechtsanw\u00e4lten zu kooperieren\u201c, so Stisser. Der Generationswechsel und der Unternehmenskauf, dessen Finanzierung erneut die Sparkasse Bielefeld \u00fcbernahm, sind auch dank der externen Unterst\u00fctzung nun gegl\u00fcckt. \u201eIch f\u00fchlte mich dabei stets gut unterst\u00fctzt\u201c, res\u00fcmiert Meyer zur M\u00fcdehorst.<\/p>\n\n\n\n<h3 class=\"wp-block-heading\"><strong>Alle Mitarbeitenden \u00fcbernommen<\/strong><\/h3>\n\n\n\n<p>Als Pluspunkt erwies sich auch, dass der junge Landwirt den Betrieb und viele der Mitarbeitenden von klein auf kannte. Nach dem Studium arbeitete er zudem drei Jahre als angestellter Landwirt bei seinem Vater. \u201eIch freue mich, dass ich alle bisherigen Mitarbeitenden des Betriebs \u00fcbernehmen konnte\u201c, so Meyer zur M\u00fcdehorst. Die Leitung der beiden L\u00e4den \u00fcbertrug er zwei Mitarbeiterinnen. Die Personalf\u00fchrung f\u00fcr die 25 Angestellten sei durchaus \u201eeine Herausforderung&#8220;. \u201eIch gebe mein Bestes, mir alle Geburtstage zu merken\u201c, erg\u00e4nzt er schmunzelnd.<\/p>\n\n\n\n<div class=\"wp-block-media-text alignwide has-media-on-the-right is-stacked-on-mobile\"><figure class=\"wp-block-media-text__media\"><img loading=\"lazy\" decoding=\"async\" width=\"800\" height=\"533\" src=\"https:\/\/www.sparkasse-bielefeld-online.de\/gruendercenter\/wp-content\/uploads\/2022\/09\/Titelbild-f\u00fcr-Text.jpg\" alt=\"\" class=\"wp-image-812\" srcset=\"https:\/\/sparkasse-bielefeld-online.de\/gruendercenter\/wp-content\/uploads\/2022\/09\/Titelbild-f\u00fcr-Text.jpg 800w, https:\/\/sparkasse-bielefeld-online.de\/gruendercenter\/wp-content\/uploads\/2022\/09\/Titelbild-f\u00fcr-Text-300x200.jpg 300w, https:\/\/sparkasse-bielefeld-online.de\/gruendercenter\/wp-content\/uploads\/2022\/09\/Titelbild-f\u00fcr-Text-768x512.jpg 768w\" sizes=\"(max-width: 800px) 100vw, 800px\" \/><\/figure><div class=\"wp-block-media-text__content\">\n<p>Johannes Meyer zur M\u00fcdehorst mit seiner Angestellten Eva-Maria Doer, die den Naturkostladen leitet.<\/p>\n<\/div><\/div>\n\n\n\n<h3 class=\"wp-block-heading\"><strong>Erfolg mit Bio-Produkten<\/strong><\/h3>\n\n\n\n<p>Die Hofl\u00e4den sind mittlerweile zur Haupteinnahmequelle des Hofes geworden. Damit liegt Meyer zur M\u00fcdehorst im Trend. Immer mehr Landwirte erschlie\u00dfen sich neben ihren klassischen Vertriebswegen zus\u00e4tzliche Einnahmequellen \u2013 etwa durch Selbstvermarktung ihrer Produkte. Bereits Meyer zur M\u00fcdehorsts Eltern hatten den Betrieb vor \u00fcber 30 Jahren auf biologische Landwirtschaft umgestellt. Etwa 40 verschiedene Gem\u00fcsesorten von Kohl, \u00fcber M\u00f6hren bis zu Salat sowie Getreide werden auf dem insgesamt 55 Hektar gro\u00dfen Hof angebaut. Angebaut und gez\u00fcchtet wird nur, was in den L\u00e4den auch verkauft werden kann. Eine Ausnahme stellt nur das angebaute Getreide dar.<\/p>\n\n\n\n<div class=\"wp-block-media-text alignwide is-stacked-on-mobile\"><figure class=\"wp-block-media-text__media\"><img loading=\"lazy\" decoding=\"async\" width=\"800\" height=\"533\" src=\"https:\/\/www.sparkasse-bielefeld-online.de\/gruendercenter\/wp-content\/uploads\/2022\/09\/Moritz-mit-den-Schweinen.jpg\" alt=\"\" class=\"wp-image-787\" srcset=\"https:\/\/sparkasse-bielefeld-online.de\/gruendercenter\/wp-content\/uploads\/2022\/09\/Moritz-mit-den-Schweinen.jpg 800w, https:\/\/sparkasse-bielefeld-online.de\/gruendercenter\/wp-content\/uploads\/2022\/09\/Moritz-mit-den-Schweinen-300x200.jpg 300w, https:\/\/sparkasse-bielefeld-online.de\/gruendercenter\/wp-content\/uploads\/2022\/09\/Moritz-mit-den-Schweinen-768x512.jpg 768w\" sizes=\"(max-width: 800px) 100vw, 800px\" \/><\/figure><div class=\"wp-block-media-text__content\">\n<p>Die rund 30 Rinder und 45 Schweine auf dem Hof freuen sich \u00fcber teilweise oder auch komplette Freilandhaltung. Auf dem Foto: Landwirt Moritz K\u00fcnstle.<\/p>\n<\/div><\/div>\n\n\n\n<h3 class=\"wp-block-heading\"><strong>Umfangreiches Sortiment<\/strong><\/h3>\n\n\n\n<p>Geschlachtet und grob zerlegt werden die hofeigenen Tiere in der nahegelegenen Landschlachterei Beier in Vilsendorf. Im Fleischverarbeitungsraum des K\u00f6ckerhofs wird das Rind- und Schweinefleisch dann zu Schnitzeln, mariniertem Grillfleisch oder Steaks weiterverarbeitet. Die Eier im Verkauf stammen von den eigenen 750 Legehennen. <\/p>\n\n\n\n<div class=\"wp-block-media-text alignwide has-media-on-the-right is-stacked-on-mobile\"><figure class=\"wp-block-media-text__media\"><img loading=\"lazy\" decoding=\"async\" width=\"800\" height=\"533\" src=\"https:\/\/www.sparkasse-bielefeld-online.de\/gruendercenter\/wp-content\/uploads\/2022\/09\/Joghurt-2.jpg\" alt=\"\" class=\"wp-image-798\" srcset=\"https:\/\/sparkasse-bielefeld-online.de\/gruendercenter\/wp-content\/uploads\/2022\/09\/Joghurt-2.jpg 800w, https:\/\/sparkasse-bielefeld-online.de\/gruendercenter\/wp-content\/uploads\/2022\/09\/Joghurt-2-300x200.jpg 300w, https:\/\/sparkasse-bielefeld-online.de\/gruendercenter\/wp-content\/uploads\/2022\/09\/Joghurt-2-768x512.jpg 768w\" sizes=\"(max-width: 800px) 100vw, 800px\" \/><\/figure><div class=\"wp-block-media-text__content\">\n<p>Einige Milchprodukte, wie der stichfeste Joghurt oder Quark, werden mit Milch von Gut Wilhelmsdorf ebenfalls auf dem K\u00f6ckerhof hergestellt und mit dem gr\u00fcn-gelben Logo gekennzeichnet.<\/p>\n<\/div><\/div>\n\n\n\n<p><\/p>\n\n\n\n<p>Anderes wird, wie auch die Backwaren oder Getr\u00e4nke, von regionalen Produzenten zugekauft. Zur Vervollst\u00e4ndigung des Sortiments z\u00e4hlen aber auch importierte Fr\u00fcchte und Gem\u00fcse, wie Ananas, Orangen oder Avocados zum Angebot.<br>Zu den Bio-Lebensmitteln kommt ein Basissortiment an Haushalts- und K\u00f6rperpflege- und Kosmetikartikeln.<\/p>\n\n\n\n<div class=\"wp-block-media-text alignwide is-stacked-on-mobile\"><figure class=\"wp-block-media-text__media\"><img loading=\"lazy\" decoding=\"async\" width=\"800\" height=\"533\" src=\"https:\/\/www.sparkasse-bielefeld-online.de\/gruendercenter\/wp-content\/uploads\/2022\/09\/Supermarkt.jpg\" alt=\"\" class=\"wp-image-791\" srcset=\"https:\/\/sparkasse-bielefeld-online.de\/gruendercenter\/wp-content\/uploads\/2022\/09\/Supermarkt.jpg 800w, https:\/\/sparkasse-bielefeld-online.de\/gruendercenter\/wp-content\/uploads\/2022\/09\/Supermarkt-300x200.jpg 300w, https:\/\/sparkasse-bielefeld-online.de\/gruendercenter\/wp-content\/uploads\/2022\/09\/Supermarkt-768x512.jpg 768w\" sizes=\"(max-width: 800px) 100vw, 800px\" \/><\/figure><div class=\"wp-block-media-text__content\">\n<p>Die beiden Hofl\u00e4den f\u00fchren etwa 4000 verschiedene Produkte. Das sind in etwa so viele, wie sie auch ein durchschnittlicher Discounter im Sortiment hat.<\/p>\n<\/div><\/div>\n\n\n\n<p><\/p>\n\n\n\n<h3 class=\"wp-block-heading\"><strong>Wertsch\u00e4tzung f\u00fcr lokales Gem\u00fcse<\/strong><\/h3>\n\n\n\n<p>Nachdem zu Anfang der Coronakrise der Hofladen f\u00f6rmlich \u00fcberrannt wurde, hat sich das Einkaufsverhalten der Kundschaft mittlerweile wieder eingependelt. Nun wirken sich die Inflation und die gestiegenen Lebensmittelpreise auf den Hofverkauf aus. \u201eViele Kundinnen und Kunden, die wir w\u00e4hrend der Pandemie neu gewonnen hatten, bleiben nun weg oder kaufen weniger Bio-Produkte ein\u201c, so Meyer zur M\u00fcdehorst. Dennoch ist der Landwirt von den Vorteilen der direkten Vermarktung fest \u00fcberzeugt. Hierbei fallen keine CO2- Emissionen durch lange Transportwege und auch kein Verpackungsm\u00fcll an.<br>\u201eGerade deshalb werden die regionalen Produkte besonders wertgesch\u00e4tzt und nachgefragt\u201c, berichtet Meyer zur M\u00fcdehorst. \u201eUnser hier geerntetes Gem\u00fcse kennzeichnen wir mit einem speziellen Logo. So k\u00f6nnen unsere Kundinnen und Kunden auf einen Blick erkennen, ob es selbst angebaut, zugekauft oder importiert wurde.\u201c Prangt der gr\u00fcn-gelbe K\u00f6ckerhof-Schriftzug an der Gem\u00fcsebox mit dem Blumenkohl, werde gleich mehr davon gekauft, stellt der Landwirt fest. <\/p>\n\n\n\n<div class=\"wp-block-media-text alignwide has-media-on-the-right is-stacked-on-mobile\"><figure class=\"wp-block-media-text__media\"><img loading=\"lazy\" decoding=\"async\" width=\"800\" height=\"533\" src=\"https:\/\/www.sparkasse-bielefeld-online.de\/gruendercenter\/wp-content\/uploads\/2022\/09\/Andreas-mit-den-Zwiebeln.jpg\" alt=\"\" class=\"wp-image-795\" srcset=\"https:\/\/sparkasse-bielefeld-online.de\/gruendercenter\/wp-content\/uploads\/2022\/09\/Andreas-mit-den-Zwiebeln.jpg 800w, https:\/\/sparkasse-bielefeld-online.de\/gruendercenter\/wp-content\/uploads\/2022\/09\/Andreas-mit-den-Zwiebeln-300x200.jpg 300w, https:\/\/sparkasse-bielefeld-online.de\/gruendercenter\/wp-content\/uploads\/2022\/09\/Andreas-mit-den-Zwiebeln-768x512.jpg 768w\" sizes=\"(max-width: 800px) 100vw, 800px\" \/><\/figure><div class=\"wp-block-media-text__content\">\n<p>Angestellter Andreas Kunert mit der frischen Zwiebelernte auf dem Acker neben dem K\u00f6ckerhof.<\/p>\n<\/div><\/div>\n\n\n\n<p><\/p>\n\n\n\n<p>\u201eUnsere Kundschaft sch\u00e4tzt die Frische und die kurzen Wege. Der Salatkopf der morgens 100 Meter entfernt geerntet wird, findet sich mittags schon im Laden wieder. Frischer und nachhaltiger geht es nicht.\u201c<\/p>\n\n\n\n<p><\/p>\n\n\n\n<p><strong>K\u00f6ckerhof, Babenhauser Str. 30, 33619 Bielefeld, www.koeckerhof.de<br>\u00d6ffnungszeiten: Dienstag bis Freitag 9-19 Uhr; Samstag 9-14 Uhr<\/strong><\/p>\n","protected":false},"excerpt":{"rendered":"<p>Es ist eine kleine Idylle am Stadtrand Bielefelds: Nur wenige Hundert Meter von der belebten Verkehrskreuzung in Babenhausen-S\u00fcd entfernt, empf\u00e4ngt die Besucherinnen und Besucher des K\u00f6ckerhofs eine entschleunigte Welt. Schweinegrunzen und H\u00fchnergackern begleiten die Kundinnen und Kunden auf dem Weg von den Parkpl\u00e4tzen zu den zwei Hofl\u00e4den, die in Scheunengeb\u00e4uden am baumbestandenen Innenhof untergebracht sind. [&hellip;]<\/p>\n","protected":false},"author":6,"featured_media":778,"comment_status":"closed","ping_status":"closed","sticky":true,"template":"","format":"standard","meta":{"footnotes":""},"categories":[11,1,9,10],"tags":[97,77,78,91,96,98],"yoast_head":"<!-- This site is optimized with the Yoast SEO plugin v23.0 - https:\/\/yoast.com\/wordpress\/plugins\/seo\/ -->\n<title>Nachhaltig und regional: Einkaufen im Hofladen K\u00f6ckerhof - Gr\u00fcnderCenter<\/title>\n<meta name=\"robots\" content=\"index, follow, max-snippet:-1, max-image-preview:large, max-video-preview:-1\" \/>\n<link rel=\"canonical\" href=\"https:\/\/sparkasse-bielefeld-online.de\/gruendercenter\/allgemein\/nachhaltig-und-regional\/\" \/>\n<meta property=\"og:locale\" content=\"de_DE\" \/>\n<meta property=\"og:type\" content=\"article\" \/>\n<meta property=\"og:title\" content=\"Nachhaltig und regional: Einkaufen im Hofladen K\u00f6ckerhof - Gr\u00fcnderCenter\" \/>\n<meta property=\"og:description\" content=\"Es ist eine kleine Idylle am Stadtrand Bielefelds: Nur wenige Hundert Meter von der belebten Verkehrskreuzung in Babenhausen-S\u00fcd entfernt, empf\u00e4ngt die Besucherinnen und Besucher des K\u00f6ckerhofs eine entschleunigte Welt. Schweinegrunzen und H\u00fchnergackern begleiten die Kundinnen und Kunden auf dem Weg von den Parkpl\u00e4tzen zu den zwei Hofl\u00e4den, die in Scheunengeb\u00e4uden am baumbestandenen Innenhof untergebracht sind. [&hellip;]\" \/>\n<meta property=\"og:url\" content=\"https:\/\/sparkasse-bielefeld-online.de\/gruendercenter\/allgemein\/nachhaltig-und-regional\/\" \/>\n<meta property=\"og:site_name\" content=\"Gr\u00fcnderCenter\" \/>\n<meta property=\"article:published_time\" content=\"2022-09-05T12:55:00+00:00\" \/>\n<meta property=\"article:modified_time\" content=\"2022-09-05T13:24:36+00:00\" \/>\n<meta property=\"og:image\" content=\"https:\/\/sparkasse-bielefeld-online.de\/gruendercenter\/wp-content\/uploads\/2022\/06\/Titelbild.jpg\" \/>\n\t<meta property=\"og:image:width\" content=\"1500\" \/>\n\t<meta property=\"og:image:height\" content=\"1000\" \/>\n\t<meta property=\"og:image:type\" content=\"image\/jpeg\" \/>\n<meta name=\"author\" content=\"Katia Domingues Lopes\" \/>\n<meta name=\"twitter:card\" content=\"summary_large_image\" \/>\n<meta name=\"twitter:label1\" content=\"Geschrieben von\" \/>\n\t<meta name=\"twitter:data1\" content=\"Katia Domingues Lopes\" \/>\n\t<meta name=\"twitter:label2\" content=\"Gesch\u00e4tzte Lesezeit\" \/>\n\t<meta name=\"twitter:data2\" content=\"5\u00a0Minuten\" \/>\n<script type=\"application\/ld+json\" class=\"yoast-schema-graph\">{\"@context\":\"https:\/\/schema.org\",\"@graph\":[{\"@type\":\"WebPage\",\"@id\":\"https:\/\/sparkasse-bielefeld-online.de\/gruendercenter\/allgemein\/nachhaltig-und-regional\/\",\"url\":\"https:\/\/sparkasse-bielefeld-online.de\/gruendercenter\/allgemein\/nachhaltig-und-regional\/\",\"name\":\"Nachhaltig und regional: Einkaufen im Hofladen K\u00f6ckerhof - Gr\u00fcnderCenter\",\"isPartOf\":{\"@id\":\"https:\/\/sparkasse-bielefeld-online.de\/gruendercenter\/#website\"},\"primaryImageOfPage\":{\"@id\":\"https:\/\/sparkasse-bielefeld-online.de\/gruendercenter\/allgemein\/nachhaltig-und-regional\/#primaryimage\"},\"image\":{\"@id\":\"https:\/\/sparkasse-bielefeld-online.de\/gruendercenter\/allgemein\/nachhaltig-und-regional\/#primaryimage\"},\"thumbnailUrl\":\"https:\/\/sparkasse-bielefeld-online.de\/gruendercenter\/wp-content\/uploads\/2022\/06\/Titelbild.jpg\",\"datePublished\":\"2022-09-05T12:55:00+00:00\",\"dateModified\":\"2022-09-05T13:24:36+00:00\",\"author\":{\"@id\":\"https:\/\/sparkasse-bielefeld-online.de\/gruendercenter\/#\/schema\/person\/528af730e8a0b8852ed03898ef8b4ea4\"},\"breadcrumb\":{\"@id\":\"https:\/\/sparkasse-bielefeld-online.de\/gruendercenter\/allgemein\/nachhaltig-und-regional\/#breadcrumb\"},\"inLanguage\":\"de\",\"potentialAction\":[{\"@type\":\"ReadAction\",\"target\":[\"https:\/\/sparkasse-bielefeld-online.de\/gruendercenter\/allgemein\/nachhaltig-und-regional\/\"]}]},{\"@type\":\"ImageObject\",\"inLanguage\":\"de\",\"@id\":\"https:\/\/sparkasse-bielefeld-online.de\/gruendercenter\/allgemein\/nachhaltig-und-regional\/#primaryimage\",\"url\":\"https:\/\/sparkasse-bielefeld-online.de\/gruendercenter\/wp-content\/uploads\/2022\/06\/Titelbild.jpg\",\"contentUrl\":\"https:\/\/sparkasse-bielefeld-online.de\/gruendercenter\/wp-content\/uploads\/2022\/06\/Titelbild.jpg\",\"width\":1500,\"height\":1000},{\"@type\":\"BreadcrumbList\",\"@id\":\"https:\/\/sparkasse-bielefeld-online.de\/gruendercenter\/allgemein\/nachhaltig-und-regional\/#breadcrumb\",\"itemListElement\":[{\"@type\":\"ListItem\",\"position\":1,\"name\":\"Home\",\"item\":\"https:\/\/sparkasse-bielefeld-online.de\/gruendercenter\/\"},{\"@type\":\"ListItem\",\"position\":2,\"name\":\"Nachhaltig und regional: Einkaufen im Hofladen K\u00f6ckerhof\"}]},{\"@type\":\"WebSite\",\"@id\":\"https:\/\/sparkasse-bielefeld-online.de\/gruendercenter\/#website\",\"url\":\"https:\/\/sparkasse-bielefeld-online.de\/gruendercenter\/\",\"name\":\"Gr\u00fcnderCenter\",\"description\":\"der Sparkasse Bielefeld\",\"potentialAction\":[{\"@type\":\"SearchAction\",\"target\":{\"@type\":\"EntryPoint\",\"urlTemplate\":\"https:\/\/sparkasse-bielefeld-online.de\/gruendercenter\/?s={search_term_string}\"},\"query-input\":\"required name=search_term_string\"}],\"inLanguage\":\"de\"},{\"@type\":\"Person\",\"@id\":\"https:\/\/sparkasse-bielefeld-online.de\/gruendercenter\/#\/schema\/person\/528af730e8a0b8852ed03898ef8b4ea4\",\"name\":\"Katia Domingues Lopes\",\"url\":\"https:\/\/sparkasse-bielefeld-online.de\/gruendercenter\/author\/kdomingueslopes\/\"}]}<\/script>\n<!-- \/ Yoast SEO plugin. -->","yoast_head_json":{"title":"Nachhaltig und regional: Einkaufen im Hofladen K\u00f6ckerhof - Gr\u00fcnderCenter","robots":{"index":"index","follow":"follow","max-snippet":"max-snippet:-1","max-image-preview":"max-image-preview:large","max-video-preview":"max-video-preview:-1"},"canonical":"https:\/\/sparkasse-bielefeld-online.de\/gruendercenter\/allgemein\/nachhaltig-und-regional\/","og_locale":"de_DE","og_type":"article","og_title":"Nachhaltig und regional: Einkaufen im Hofladen K\u00f6ckerhof - Gr\u00fcnderCenter","og_description":"Es ist eine kleine Idylle am Stadtrand Bielefelds: Nur wenige Hundert Meter von der belebten Verkehrskreuzung in Babenhausen-S\u00fcd entfernt, empf\u00e4ngt die Besucherinnen und Besucher des K\u00f6ckerhofs eine entschleunigte Welt. Schweinegrunzen und H\u00fchnergackern begleiten die Kundinnen und Kunden auf dem Weg von den Parkpl\u00e4tzen zu den zwei Hofl\u00e4den, die in Scheunengeb\u00e4uden am baumbestandenen Innenhof untergebracht sind. [&hellip;]","og_url":"https:\/\/sparkasse-bielefeld-online.de\/gruendercenter\/allgemein\/nachhaltig-und-regional\/","og_site_name":"Gr\u00fcnderCenter","article_published_time":"2022-09-05T12:55:00+00:00","article_modified_time":"2022-09-05T13:24:36+00:00","og_image":[{"width":1500,"height":1000,"url":"https:\/\/sparkasse-bielefeld-online.de\/gruendercenter\/wp-content\/uploads\/2022\/06\/Titelbild.jpg","type":"image\/jpeg"}],"author":"Katia Domingues Lopes","twitter_card":"summary_large_image","twitter_misc":{"Geschrieben von":"Katia Domingues Lopes","Gesch\u00e4tzte Lesezeit":"5\u00a0Minuten"},"schema":{"@context":"https:\/\/schema.org","@graph":[{"@type":"WebPage","@id":"https:\/\/sparkasse-bielefeld-online.de\/gruendercenter\/allgemein\/nachhaltig-und-regional\/","url":"https:\/\/sparkasse-bielefeld-online.de\/gruendercenter\/allgemein\/nachhaltig-und-regional\/","name":"Nachhaltig und regional: Einkaufen im Hofladen K\u00f6ckerhof - Gr\u00fcnderCenter","isPartOf":{"@id":"https:\/\/sparkasse-bielefeld-online.de\/gruendercenter\/#website"},"primaryImageOfPage":{"@id":"https:\/\/sparkasse-bielefeld-online.de\/gruendercenter\/allgemein\/nachhaltig-und-regional\/#primaryimage"},"image":{"@id":"https:\/\/sparkasse-bielefeld-online.de\/gruendercenter\/allgemein\/nachhaltig-und-regional\/#primaryimage"},"thumbnailUrl":"https:\/\/sparkasse-bielefeld-online.de\/gruendercenter\/wp-content\/uploads\/2022\/06\/Titelbild.jpg","datePublished":"2022-09-05T12:55:00+00:00","dateModified":"2022-09-05T13:24:36+00:00","author":{"@id":"https:\/\/sparkasse-bielefeld-online.de\/gruendercenter\/#\/schema\/person\/528af730e8a0b8852ed03898ef8b4ea4"},"breadcrumb":{"@id":"https:\/\/sparkasse-bielefeld-online.de\/gruendercenter\/allgemein\/nachhaltig-und-regional\/#breadcrumb"},"inLanguage":"de","potentialAction":[{"@type":"ReadAction","target":["https:\/\/sparkasse-bielefeld-online.de\/gruendercenter\/allgemein\/nachhaltig-und-regional\/"]}]},{"@type":"ImageObject","inLanguage":"de","@id":"https:\/\/sparkasse-bielefeld-online.de\/gruendercenter\/allgemein\/nachhaltig-und-regional\/#primaryimage","url":"https:\/\/sparkasse-bielefeld-online.de\/gruendercenter\/wp-content\/uploads\/2022\/06\/Titelbild.jpg","contentUrl":"https:\/\/sparkasse-bielefeld-online.de\/gruendercenter\/wp-content\/uploads\/2022\/06\/Titelbild.jpg","width":1500,"height":1000},{"@type":"BreadcrumbList","@id":"https:\/\/sparkasse-bielefeld-online.de\/gruendercenter\/allgemein\/nachhaltig-und-regional\/#breadcrumb","itemListElement":[{"@type":"ListItem","position":1,"name":"Home","item":"https:\/\/sparkasse-bielefeld-online.de\/gruendercenter\/"},{"@type":"ListItem","position":2,"name":"Nachhaltig und regional: Einkaufen im Hofladen K\u00f6ckerhof"}]},{"@type":"WebSite","@id":"https:\/\/sparkasse-bielefeld-online.de\/gruendercenter\/#website","url":"https:\/\/sparkasse-bielefeld-online.de\/gruendercenter\/","name":"Gr\u00fcnderCenter","description":"der Sparkasse Bielefeld","potentialAction":[{"@type":"SearchAction","target":{"@type":"EntryPoint","urlTemplate":"https:\/\/sparkasse-bielefeld-online.de\/gruendercenter\/?s={search_term_string}"},"query-input":"required name=search_term_string"}],"inLanguage":"de"},{"@type":"Person","@id":"https:\/\/sparkasse-bielefeld-online.de\/gruendercenter\/#\/schema\/person\/528af730e8a0b8852ed03898ef8b4ea4","name":"Katia Domingues Lopes","url":"https:\/\/sparkasse-bielefeld-online.de\/gruendercenter\/author\/kdomingueslopes\/"}]}},"_links":{"self":[{"href":"https:\/\/sparkasse-bielefeld-online.de\/gruendercenter\/wp-json\/wp\/v2\/posts\/737"}],"collection":[{"href":"https:\/\/sparkasse-bielefeld-online.de\/gruendercenter\/wp-json\/wp\/v2\/posts"}],"about":[{"href":"https:\/\/sparkasse-bielefeld-online.de\/gruendercenter\/wp-json\/wp\/v2\/types\/post"}],"author":[{"embeddable":true,"href":"https:\/\/sparkasse-bielefeld-online.de\/gruendercenter\/wp-json\/wp\/v2\/users\/6"}],"replies":[{"embeddable":true,"href":"https:\/\/sparkasse-bielefeld-online.de\/gruendercenter\/wp-json\/wp\/v2\/comments?post=737"}],"version-history":[{"count":37,"href":"https:\/\/sparkasse-bielefeld-online.de\/gruendercenter\/wp-json\/wp\/v2\/posts\/737\/revisions"}],"predecessor-version":[{"id":825,"href":"https:\/\/sparkasse-bielefeld-online.de\/gruendercenter\/wp-json\/wp\/v2\/posts\/737\/revisions\/825"}],"wp:featuredmedia":[{"embeddable":true,"href":"https:\/\/sparkasse-bielefeld-online.de\/gruendercenter\/wp-json\/wp\/v2\/media\/778"}],"wp:attachment":[{"href":"https:\/\/sparkasse-bielefeld-online.de\/gruendercenter\/wp-json\/wp\/v2\/media?parent=737"}],"wp:term":[{"taxonomy":"category","embeddable":true,"href":"https:\/\/sparkasse-bielefeld-online.de\/gruendercenter\/wp-json\/wp\/v2\/categories?post=737"},{"taxonomy":"post_tag","embeddable":true,"href":"https:\/\/sparkasse-bielefeld-online.de\/gruendercenter\/wp-json\/wp\/v2\/tags?post=737"}],"curies":[{"name":"wp","href":"https:\/\/api.w.org\/{rel}","templated":true}]}}